{"id":205561,"date":"2025-12-28T09:44:22","date_gmt":"2025-12-28T09:44:22","guid":{"rendered":"https:\/\/www.europesays.com\/pt\/205561\/"},"modified":"2025-12-28T09:44:22","modified_gmt":"2025-12-28T09:44:22","slug":"morreu-carlos-cardoso-ex-treinador-do-vitoria-de-setubal-observador","status":"publish","type":"post","link":"https:\/\/www.europesays.com\/pt\/205561\/","title":{"rendered":"Morreu Carlos Cardoso, ex-treinador do Vit\u00f3ria de Set\u00fabal \u2013 Observador"},"content":{"rendered":"<p>O antigo capit\u00e3o e treinador do Vit\u00f3ria de Set\u00fabal Carlos Cardoso morreu este s\u00e1bado, aos 80 anos, anunciou a C\u00e2mara Municipal de Set\u00fabal numa nota publicada no Facebook do munic\u00edpio.<\/p>\n<p>\u201cFaleceu Carlos Cardoso, o eterno treinador vitoriano! O antigo treinador e jogador do Vit\u00f3ria de Set\u00fabal faleceu este s\u00e1bado, a dois dias de assinalar os 81 anos\u201d, pode ler-se na publica\u00e7\u00e3o da edilidade, sobre o antigo defesa que fez toda a sua carreira de jogador no emblema sadino entre as \u00e9pocas de 1964\/65 e 1976\/77.<\/p>\n<p>O Vit\u00f3ria de Set\u00fabal, atual l\u00edder da primeira divis\u00e3o distrital da associa\u00e7\u00e3o de Set\u00fabal,\u00a0reagiu \u00e0 morte da antiga gl\u00f3ria do clube nas suas redes sociais.<\/p>\n<p>\u201cUma das figuras mais emblem\u00e1ticas da hist\u00f3ria do Vit\u00f3ria: capit\u00e3o, treinador e refer\u00eancia do clube, Carlos Cardoso dedicou mais de tr\u00eas d\u00e9cadas ao emblema, somando centenas de jogos e momentos marcantes. Como jogador, conquistou uma Ta\u00e7a de Portugal e foi pe\u00e7a fundamental nas grandes campanhas nacionais e europeias do Vit\u00f3ria\u201d, reagiram os vitorianos.<\/p>\n<p>No Est\u00e1dio do Bonfim, Carlos Cardoso ocupou tamb\u00e9m em v\u00e1rias temporadas a lideran\u00e7a da equipa t\u00e9cnica, ficando conhecido por ser o \u201cbombeiro de servi\u00e7o\u201d, salvando o clube da descida de divis\u00e3o por tr\u00eas vezes, em 1997\/98, 2006\/07 e 2008\/09. Na \u00fanica \u00e9poca completa \u00e0 frente da equipa, em 1998\/99, colocou os vitorianos em quinto lugar e levou-os \u00e0s competi\u00e7\u00f5es europeias 25 anos depois.<\/p>\n<p>\u201cComo treinador, assumiu v\u00e1rias vezes a lideran\u00e7a da equipa, sempre com profissionalismo e compromisso. O seu percurso faz dele um nome incontorn\u00e1vel na mem\u00f3ria do Bonfim\u201d, vincou o clube setubalense pelo qual venceu tamb\u00e9m a Ta\u00e7a de Portugal em 2005, como adjunto de Jos\u00e9 Rach\u00e3o.<\/p>\n<p>Nascido em Set\u00fabal, a 29 de dezembro de 1944, Carlos Cardoso foi internacional A por duas vezes e a sua liga\u00e7\u00e3o ao Vit\u00f3ria durou mais de quatro d\u00e9cadas como jogador, treinador e adjunto.<\/p>\n<p>Na sua carreira como treinador, passou 10 anos no Vit\u00f3ria de Set\u00fabal, al\u00e9m de orientar Barreirense, Nacional, Uni\u00e3o da Madeira, O Elvas, Lusitano de \u00c9vora,\u00a0Benfica e Castelo Branco e Juventude de \u00c9vora.<\/p>\n","protected":false},"excerpt":{"rendered":"O antigo capit\u00e3o e treinador do Vit\u00f3ria de Set\u00fabal Carlos Cardoso morreu este s\u00e1bado, aos 80 anos, anunciou&hellip;\n","protected":false},"author":2,"featured_media":205562,"comment_status":"","ping_status":"","sticky":false,"template":"","format":"standard","meta":{"footnotes":""},"categories":[8],"tags":[27,28,135,15,16,524,14,25,26,21,22,12,13,19,20,57,32,23,24,33,10012,58,17,18,29,30,31],"class_list":{"0":"post-205561","1":"post","2":"type-post","3":"status-publish","4":"format-standard","5":"has-post-thumbnail","7":"category-principais-noticias","8":"tag-breaking-news","9":"tag-breakingnews","10":"tag-desporto","11":"tag-featured-news","12":"tag-featurednews","13":"tag-futebol","14":"tag-headlines","15":"tag-latest-news","16":"tag-latestnews","17":"tag-main-news","18":"tag-mainnews","19":"tag-news","20":"tag-noticias","21":"tag-noticias-principais","22":"tag-noticiasprincipais","23":"tag-pau00eds","24":"tag-portugal","25":"tag-principais-noticias","26":"tag-principaisnoticias","27":"tag-pt","28":"tag-setu00fabal","29":"tag-sociedade","30":"tag-top-stories","31":"tag-topstories","32":"tag-ultimas","33":"tag-ultimas-noticias","34":"tag-ultimasnoticias"},"share_on_mastodon":{"url":"https:\/\/pubeurope.com\/@pt\/115796552322882143","error":""},"_links":{"self":[{"href":"https:\/\/www.europesays.com\/pt\/wp-json\/wp\/v2\/posts\/205561","targetHints":{"allow":["GET"]}}],"collection":[{"href":"https:\/\/www.europesays.com\/pt\/wp-json\/wp\/v2\/posts"}],"about":[{"href":"https:\/\/www.europesays.com\/pt\/wp-json\/wp\/v2\/types\/post"}],"author":[{"embeddable":true,"href":"https:\/\/www.europesays.com\/pt\/wp-json\/wp\/v2\/users\/2"}],"replies":[{"embeddable":true,"href":"https:\/\/www.europesays.com\/pt\/wp-json\/wp\/v2\/comments?post=205561"}],"version-history":[{"count":0,"href":"https:\/\/www.europesays.com\/pt\/wp-json\/wp\/v2\/posts\/205561\/revisions"}],"wp:featuredmedia":[{"embeddable":true,"href":"https:\/\/www.europesays.com\/pt\/wp-json\/wp\/v2\/media\/205562"}],"wp:attachment":[{"href":"https:\/\/www.europesays.com\/pt\/wp-json\/wp\/v2\/media?parent=205561"}],"wp:term":[{"taxonomy":"category","embeddable":true,"href":"https:\/\/www.europesays.com\/pt\/wp-json\/wp\/v2\/categories?post=205561"},{"taxonomy":"post_tag","embeddable":true,"href":"https:\/\/www.europesays.com\/pt\/wp-json\/wp\/v2\/tags?post=205561"}],"curies":[{"name":"wp","href":"https:\/\/api.w.org\/{rel}","templated":true}]}}