{"id":205578,"date":"2025-12-28T10:10:20","date_gmt":"2025-12-28T10:10:20","guid":{"rendered":"https:\/\/www.europesays.com\/pt\/205578\/"},"modified":"2025-12-28T10:10:20","modified_gmt":"2025-12-28T10:10:20","slug":"polonia-desenvolve-escudo-invisivel-capaz-de-neutralizar-drones-em-segundos","status":"publish","type":"post","link":"https:\/\/www.europesays.com\/pt\/205578\/","title":{"rendered":"Pol\u00f3nia desenvolve \u201cescudo invis\u00edvel\u201d capaz de neutralizar drones em segundos"},"content":{"rendered":"<p>A amea\u00e7a representada por drones n\u00e3o autorizados tem vindo a crescer, sobretudo em contextos militares, infraestruturas cr\u00edticas e eventos p\u00fablicos. A Pol\u00f3nia desenvolveu um \u201cescudo invis\u00edvel\u201d para destruir drones em segundos.<\/p>\n<p><a target=\"_blank\" href=\"https:\/\/pplware.sapo.pt\/wp-content\/uploads\/2025\/06\/franca_drones_ucrania00.webp\" rel=\"nofollow noopener\"><img fetchpriority=\"high\" decoding=\"async\" src=\"https:\/\/www.europesays.com\/pt\/wp-content\/uploads\/2025\/10\/franca_drones_ucrania00-720x405.webp.webp\" alt=\"\" width=\"720\" height=\"405\" class=\"aligncenter size-medium wp-image-1061975\"  \/><\/a><\/p>\n<p>STRATUS usa pulsos eletromagn\u00e9ticos de alta pot\u00eancia<\/p>\n<p>O sistema, conhecido como STRATUS, foi desenvolvido por investigadores da Universidade de Tecnologia de Gda\u0144sk e baseia-se no <strong>uso de pulsos eletromagn\u00e9ticos de alta pot\u00eancia<\/strong>. Em vez de destruir fisicamente os drones, a tecnologia interfere diretamente com os seus componentes eletr\u00f3nicos, provocando falhas irrevers\u00edveis nos sistemas de controlo, navega\u00e7\u00e3o e comunica\u00e7\u00e3o.<\/p>\n<p>De acordo com os investigadores, o sistema j\u00e1 foi testado com sucesso em ambiente laboratorial e em cen\u00e1rios controlados. No entanto, ainda se encontra em fase de desenvolvimento e valida\u00e7\u00e3o, n\u00e3o estando, para j\u00e1, operacional no terreno.<\/p>\n<p>Segundo referem os investigadores, o maior desafio t\u00e9cnico n\u00e3o esteve na cria\u00e7\u00e3o do impulso eletromagn\u00e9tico, mas sim na gest\u00e3o das tens\u00f5es muito elevadas e das densidades de energia envolvidas de modo a assegurar condi\u00e7\u00f5es de opera\u00e7\u00e3o seguras.<\/p>\n<p><a target=\"_blank\" href=\"https:\/\/pplware.sapo.pt\/wp-content\/uploads\/2025\/09\/laser_eos_drones_killer03.webp\" rel=\"nofollow noopener\"><img loading=\"lazy\" decoding=\"async\" src=\"https:\/\/www.europesays.com\/pt\/wp-content\/uploads\/2025\/09\/laser_eos_drones_killer03-720x405.webp.webp\" alt=\"\" width=\"720\" height=\"405\" class=\"aligncenter size-medium wp-image-1080710\"  \/><\/a><\/p>\n<p>A solu\u00e7\u00e3o polaca junta-se a outras abordagens emergentes, como lasers de alta energia ou sistemas de guerra eletr\u00f3nica, mas destaca-se pela rapidez de atua\u00e7\u00e3o e pelo reduzido impacto colateral. Se vier a ser adotada em larga escala, poder\u00e1 redefinir a forma como Estados e organiza\u00e7\u00f5es protegem o seu espa\u00e7o a\u00e9reo de baixa altitude.<\/p>\n","protected":false},"excerpt":{"rendered":"A amea\u00e7a representada por drones n\u00e3o autorizados tem vindo a crescer, sobretudo em contextos militares, infraestruturas cr\u00edticas e&hellip;\n","protected":false},"author":2,"featured_media":103396,"comment_status":"","ping_status":"","sticky":false,"template":"","format":"standard","meta":{"footnotes":""},"categories":[50],"tags":[27,28,837,15,16,14,25,26,21,22,62,12,13,19,20,5300,23,24,17,18,29,30,31,63,64,65],"class_list":{"0":"post-205578","1":"post","2":"type-post","3":"status-publish","4":"format-standard","5":"has-post-thumbnail","7":"category-mundo","8":"tag-breaking-news","9":"tag-breakingnews","10":"tag-drones","11":"tag-featured-news","12":"tag-featurednews","13":"tag-headlines","14":"tag-latest-news","15":"tag-latestnews","16":"tag-main-news","17":"tag-mainnews","18":"tag-mundo","19":"tag-news","20":"tag-noticias","21":"tag-noticias-principais","22":"tag-noticiasprincipais","23":"tag-polonia","24":"tag-principais-noticias","25":"tag-principaisnoticias","26":"tag-top-stories","27":"tag-topstories","28":"tag-ultimas","29":"tag-ultimas-noticias","30":"tag-ultimasnoticias","31":"tag-world","32":"tag-world-news","33":"tag-worldnews"},"share_on_mastodon":{"url":"https:\/\/pubeurope.com\/@pt\/115796655751293311","error":""},"_links":{"self":[{"href":"https:\/\/www.europesays.com\/pt\/wp-json\/wp\/v2\/posts\/205578","targetHints":{"allow":["GET"]}}],"collection":[{"href":"https:\/\/www.europesays.com\/pt\/wp-json\/wp\/v2\/posts"}],"about":[{"href":"https:\/\/www.europesays.com\/pt\/wp-json\/wp\/v2\/types\/post"}],"author":[{"embeddable":true,"href":"https:\/\/www.europesays.com\/pt\/wp-json\/wp\/v2\/users\/2"}],"replies":[{"embeddable":true,"href":"https:\/\/www.europesays.com\/pt\/wp-json\/wp\/v2\/comments?post=205578"}],"version-history":[{"count":0,"href":"https:\/\/www.europesays.com\/pt\/wp-json\/wp\/v2\/posts\/205578\/revisions"}],"wp:featuredmedia":[{"embeddable":true,"href":"https:\/\/www.europesays.com\/pt\/wp-json\/wp\/v2\/media\/103396"}],"wp:attachment":[{"href":"https:\/\/www.europesays.com\/pt\/wp-json\/wp\/v2\/media?parent=205578"}],"wp:term":[{"taxonomy":"category","embeddable":true,"href":"https:\/\/www.europesays.com\/pt\/wp-json\/wp\/v2\/categories?post=205578"},{"taxonomy":"post_tag","embeddable":true,"href":"https:\/\/www.europesays.com\/pt\/wp-json\/wp\/v2\/tags?post=205578"}],"curies":[{"name":"wp","href":"https:\/\/api.w.org\/{rel}","templated":true}]}}