{"id":205593,"date":"2025-12-28T10:25:08","date_gmt":"2025-12-28T10:25:08","guid":{"rendered":"https:\/\/www.europesays.com\/pt\/205593\/"},"modified":"2025-12-28T10:25:08","modified_gmt":"2025-12-28T10:25:08","slug":"ampliacao-de-terminal-do-porto-de-leixoes-vai-mudar-a-paisagem-em-matosinhos","status":"publish","type":"post","link":"https:\/\/www.europesays.com\/pt\/205593\/","title":{"rendered":"Amplia\u00e7\u00e3o de terminal do Porto de Leix\u00f5es vai mudar a paisagem em Matosinhos"},"content":{"rendered":"<p data-remotead-prev-elm=\"true\" data-remotead-elm-id=\"inread\">A amplia\u00e7\u00e3o do Terminal de Contentores Norte do Porto de Leix\u00f5es vai ter impactos negativos &#8220;significativos e muito significativos&#8221; na paisagem de Matosinhos. A linha de contentores ter\u00e1 uma altura m\u00e1xima de cinco unidades sobrepostas, mas ser\u00e1 vis\u00edvel de v\u00e1rios pontos. Em Le\u00e7a da Palmeira, os contentores e os p\u00f3rticos estar\u00e3o no campo de vis\u00e3o de quem estiver na praia imediatamente a norte do porto e entre as Piscinas das Mar\u00e9s e o Farol da Boa Nova. Em Matosinhos, marcar\u00e3o o &#8220;tro\u00e7o costeiro desde a praia at\u00e9 ao Castelo do Queijo, incluindo a Avenida General Norton de Matos, a rotunda da an\u00e9mona [Pra\u00e7a Cidade do Salvador] e a via do Castelo do Queijo&#8221;.<\/p>\n","protected":false},"excerpt":{"rendered":"A amplia\u00e7\u00e3o do Terminal de Contentores Norte do Porto de Leix\u00f5es vai ter impactos negativos &#8220;significativos e muito&hellip;\n","protected":false},"author":2,"featured_media":205594,"comment_status":"","ping_status":"","sticky":false,"template":"","format":"standard","meta":{"footnotes":""},"categories":[10],"tags":[39987,27,28,19484,40581,15,16,14,25,26,21,22,12,13,19,20,25254,32,23,24,33,17,18,29,30,31],"class_list":{"0":"post-205593","1":"post","2":"type-post","3":"status-publish","4":"format-standard","5":"has-post-thumbnail","7":"category-portugal","8":"tag-apdl","9":"tag-breaking-news","10":"tag-breakingnews","11":"tag-concelho-matosinhos","12":"tag-contentores","13":"tag-featured-news","14":"tag-featurednews","15":"tag-headlines","16":"tag-latest-news","17":"tag-latestnews","18":"tag-main-news","19":"tag-mainnews","20":"tag-news","21":"tag-noticias","22":"tag-noticias-principais","23":"tag-noticiasprincipais","24":"tag-porto-de-leixoes","25":"tag-portugal","26":"tag-principais-noticias","27":"tag-principaisnoticias","28":"tag-pt","29":"tag-top-stories","30":"tag-topstories","31":"tag-ultimas","32":"tag-ultimas-noticias","33":"tag-ultimasnoticias"},"share_on_mastodon":{"url":"https:\/\/pubeurope.com\/@pt\/115796713452548435","error":""},"_links":{"self":[{"href":"https:\/\/www.europesays.com\/pt\/wp-json\/wp\/v2\/posts\/205593","targetHints":{"allow":["GET"]}}],"collection":[{"href":"https:\/\/www.europesays.com\/pt\/wp-json\/wp\/v2\/posts"}],"about":[{"href":"https:\/\/www.europesays.com\/pt\/wp-json\/wp\/v2\/types\/post"}],"author":[{"embeddable":true,"href":"https:\/\/www.europesays.com\/pt\/wp-json\/wp\/v2\/users\/2"}],"replies":[{"embeddable":true,"href":"https:\/\/www.europesays.com\/pt\/wp-json\/wp\/v2\/comments?post=205593"}],"version-history":[{"count":0,"href":"https:\/\/www.europesays.com\/pt\/wp-json\/wp\/v2\/posts\/205593\/revisions"}],"wp:featuredmedia":[{"embeddable":true,"href":"https:\/\/www.europesays.com\/pt\/wp-json\/wp\/v2\/media\/205594"}],"wp:attachment":[{"href":"https:\/\/www.europesays.com\/pt\/wp-json\/wp\/v2\/media?parent=205593"}],"wp:term":[{"taxonomy":"category","embeddable":true,"href":"https:\/\/www.europesays.com\/pt\/wp-json\/wp\/v2\/categories?post=205593"},{"taxonomy":"post_tag","embeddable":true,"href":"https:\/\/www.europesays.com\/pt\/wp-json\/wp\/v2\/tags?post=205593"}],"curies":[{"name":"wp","href":"https:\/\/api.w.org\/{rel}","templated":true}]}}