{"id":205597,"date":"2025-12-28T10:27:14","date_gmt":"2025-12-28T10:27:14","guid":{"rendered":"https:\/\/www.europesays.com\/pt\/205597\/"},"modified":"2025-12-28T10:27:14","modified_gmt":"2025-12-28T10:27:14","slug":"2025-foi-um-ano-para-sydney-sweeney-esquecer","status":"publish","type":"post","link":"https:\/\/www.europesays.com\/pt\/205597\/","title":{"rendered":"2025 foi um ano para Sydney Sweeney esquecer?"},"content":{"rendered":"<p>O ano de 2025 n\u00e3o foi nada parecido com um mar de rosas para Sydney Sweeney. Apesar de a atriz ter estrelado tr\u00eas filmes no cinema, <a href=\"https:\/\/tangerina.uol.com.br\/filmes-series\/sydney-sweeney-vive-pior-fase-da-carreira-nos-cinemas\/\" target=\"_blank\" rel=\"noreferrer noopener nofollow\">todos eles foram um fracasso de bilheteria<\/a> depois de pol\u00eamicas ligadas a pol\u00edtica em que ela esteve envolvida.<\/p>\n<p>As controv\u00e9rsias come\u00e7aram ainda em 2024, quando ela se filiou ao Partido Republicano e foi elogiada por Donald Trump, al\u00e9m de uma festa em fam\u00edlia, onde parentes dela estavam usando bon\u00e9s do tipo \u201cMaga\u201d (Make America Great Again) e camisetas de \u201cBlue Lives Matter\u201d. Com o pa\u00eds dividido, o gesto agradou uma parte e deixou a outra revoltada.<\/p>\n<p>Mas a coisa se agravou mesmo em julho deste ano, quando seu primeiro filme de 2025 ainda nem havia estreado nos cinemas. Sydney estrelou a campanha publicit\u00e1ria da marca American Eagle. A propaganda faz um trocadilho com as palavras \u201cjeans\u201d e \u201cgenes\u201d, dizendo que ela, uma mulher branca, loira e de olhos azuis, tem \u201cum jeans \u00f3timo\u201d, o que d\u00e1 a entender que al\u00e9m de se vestir bem, a atriz \u00e9 geneticamente \u00f3tima, algo que n\u00e3o existe, de acordo com a pr\u00f3pria ci\u00eancia.<\/p>\n<p>Cerca de quatro meses ap\u00f3s a repercuss\u00e3o da pol\u00eamica propaganda de jeans, ela se explicou. \u201cEu simplesmente amo jeans. S\u00f3 uso jeans. Literalmente, estou de jeans e camiseta todos os dias da minha vida\u2026 No fim das contas, eu sabia para que era aquele an\u00fancio, e eram \u00f3timos jeans, ent\u00e3o n\u00e3o me afetou de forma alguma\u201d, disse a atriz de 28 anos \u00e0 GQ Magazine.<\/p>\n<p>No entanto, as consequ\u00eancias das pol\u00eamicas n\u00e3o demoraram a aparecer. Em agosto, veio o primeiro lan\u00e7amento: Americana, que custou US$ 9 milh\u00f5es (R$ 48 milh\u00f5es) e arrecadou apenas US$ 840 mil (R$ 4,5 milh\u00f5es). Os outros dois filmes com Sweeney em 2025 foram Eden e Christy, fracassos ainda maiores; nenhum deles chegou perto de arrecadar, no m\u00ednimo, o valor investido nas produ\u00e7\u00f5es, o que causou grandes preju\u00edzos.<\/p>\n<p>Isso tudo pode acabar fazendo com que produtores e diretores repensem nela como protagonista a partir de 2026?<\/p>\n<p>Pr\u00f3ximos passos de Sydney Sweeney<\/p>\n<p>A reden\u00e7\u00e3o da atriz pode vir com <a href=\"https:\/\/tangerina.uol.com.br\/filmes-series\/sequencia-de-fracassos-de-sydney-sweeney-no-cinema-pode-ofuscar-a-empregada\/\" target=\"_blank\" rel=\"noreferrer noopener nofollow\">A Empregada, que tem estreia mundial marcada para o dia 1\u00ba de janeiro<\/a>. O filme, que tamb\u00e9m tem Amanda Seyfried no elenco, \u00e9 baseado em um best-seller de mesmo nome da autora Frida McFadden, e isso pode atrair os f\u00e3s do livro aos cinemas.<\/p>\n<p>Algumas salas, inclusive, tiveram sess\u00f5es antecipadas em 19 de dezembro. A produ\u00e7\u00e3o dividiu opini\u00f5es, mas as cr\u00edticas foram mais direcionadas \u00e0 dire\u00e7\u00e3o de Paul Feig, que n\u00e3o segue a simplicidade da hist\u00f3ria, do que \u00e0 atua\u00e7\u00e3o de Sydney Sweeney em si. <\/p>\n<p>Um outro ponto que chamou a aten\u00e7\u00e3o de forma negativa foi a quantidade de nudez e cenas de sexo, e isso se relaciona diretamente \u00e0 artista, que tem sexualizado a pr\u00f3pria imagem na ind\u00fastria.<\/p>\n<p>Fora isso, ela tamb\u00e9m estar\u00e1 de volta na terceira temporada de Euphoria, que estreia em abril de 2026 na HBO Max. Foi essa a s\u00e9rie que a lan\u00e7ou ao estrelato, e h\u00e1 uma boa probabilidade de que seja sucesso mais uma vez.<\/p>\n<p>Sydney Sweeney tamb\u00e9m foi confirmada no elenco de novos filmes que ainda est\u00e3o em pr\u00e9-produ\u00e7\u00e3o ou desenvolvimento, como Split Fiction, Barbarella, <a href=\"https:\/\/tangerina.uol.com.br\/filmes-series\/sydney-sweeney-sera-estrela-de-filme-que-se-passa-no-rio-de-janeiro\/\" target=\"_blank\" rel=\"noreferrer noopener nofollow\">That Man From Rio<\/a> e A M\u00e1scara da Morte Rubra, al\u00e9m de entrar como produtora de I Pretended to Be a Missing Girl.<\/p>\n","protected":false},"excerpt":{"rendered":"O ano de 2025 n\u00e3o foi nada parecido com um mar de rosas para Sydney Sweeney. Apesar de&hellip;\n","protected":false},"author":2,"featured_media":205598,"comment_status":"","ping_status":"","sticky":false,"template":"","format":"standard","meta":{"footnotes":""},"categories":[145],"tags":[211,210,470,114,115,148,32,33],"class_list":{"0":"post-205597","1":"post","2":"type-post","3":"status-publish","4":"format-standard","5":"has-post-thumbnail","7":"category-celebridades","8":"tag-celebridades","9":"tag-celebrities","10":"tag-cinema","11":"tag-entertainment","12":"tag-entretenimento","13":"tag-filmes","14":"tag-portugal","15":"tag-pt"},"share_on_mastodon":{"url":"https:\/\/pubeurope.com\/@pt\/115796721314448664","error":""},"_links":{"self":[{"href":"https:\/\/www.europesays.com\/pt\/wp-json\/wp\/v2\/posts\/205597","targetHints":{"allow":["GET"]}}],"collection":[{"href":"https:\/\/www.europesays.com\/pt\/wp-json\/wp\/v2\/posts"}],"about":[{"href":"https:\/\/www.europesays.com\/pt\/wp-json\/wp\/v2\/types\/post"}],"author":[{"embeddable":true,"href":"https:\/\/www.europesays.com\/pt\/wp-json\/wp\/v2\/users\/2"}],"replies":[{"embeddable":true,"href":"https:\/\/www.europesays.com\/pt\/wp-json\/wp\/v2\/comments?post=205597"}],"version-history":[{"count":0,"href":"https:\/\/www.europesays.com\/pt\/wp-json\/wp\/v2\/posts\/205597\/revisions"}],"wp:featuredmedia":[{"embeddable":true,"href":"https:\/\/www.europesays.com\/pt\/wp-json\/wp\/v2\/media\/205598"}],"wp:attachment":[{"href":"https:\/\/www.europesays.com\/pt\/wp-json\/wp\/v2\/media?parent=205597"}],"wp:term":[{"taxonomy":"category","embeddable":true,"href":"https:\/\/www.europesays.com\/pt\/wp-json\/wp\/v2\/categories?post=205597"},{"taxonomy":"post_tag","embeddable":true,"href":"https:\/\/www.europesays.com\/pt\/wp-json\/wp\/v2\/tags?post=205597"}],"curies":[{"name":"wp","href":"https:\/\/api.w.org\/{rel}","templated":true}]}}