{"id":205615,"date":"2025-12-28T10:47:10","date_gmt":"2025-12-28T10:47:10","guid":{"rendered":"https:\/\/www.europesays.com\/pt\/205615\/"},"modified":"2025-12-28T10:47:10","modified_gmt":"2025-12-28T10:47:10","slug":"exclusivo-terra-forte-desesperado-alvaro-recorre-a-rosa-maria-para-salvar-gloria-novelas","status":"publish","type":"post","link":"https:\/\/www.europesays.com\/pt\/205615\/","title":{"rendered":"Exclusivo \u00abTerra Forte\u00bb: Desesperado, \u00c1lvaro recorre a Rosa Maria para &#8216;salvar&#8217; Gl\u00f3ria &#8211; Novelas"},"content":{"rendered":"<p>Em \u00abTerra Forte\u00bb, Susette (In\u00eas Faria) vem at\u00e9 casa de <a href=\"https:\/\/tvi.iol.pt\/novelas\/ator\/rosa-maria\/68ee586ed34e58bc6796e114\" rel=\"nofollow noopener\" target=\"_blank\">Rosa Maria (Cust\u00f3dia Gallego)<\/a> para lhe trazer comida, dizendo que foi <a href=\"https:\/\/tvi.iol.pt\/novelas\/ator\/rosa-maria\/68ee586ed34e58bc6796e114\" rel=\"nofollow noopener\" target=\"_blank\">Rosa Maria (Cust\u00f3dia Gallego)<\/a> quem lhe pediu aquilo por saber que ela est\u00e1 doente. Rosa Maria olha surpresa para \u00c1lvaro a pedir-lhe para falarem. <a href=\"https:\/\/tvi.iol.pt\/novelas\/videos\/terra-forte-manuel-tira-toda-a-fortuna-alvaro\/68f61d3d0cf285ab53a6aafc\" rel=\"nofollow noopener\" target=\"_blank\">\u00c1lvaro (Jos\u00e9 Wallenstein)<\/a>\u00a0diz a Rosa Maria ter vindo ali falar com ela sobre Gl\u00f3ria, achando que a irm\u00e3 precisa do apoio ela. Rosa Maria olha-o at\u00f3nita. Rosa Maria diz a \u00c1lvaro n\u00e3o ter pena nenhuma de Gl\u00f3ria por ela ter errado muito ao andar com o marido da melhor amiga. \u00c1lvaro suplica-lhe que fale com Gl\u00f3ria, dizendo estar com receio que ela cometa alguma loucura por estar a sentir-se carregada de culpa. \u00c1lvaro diz a Rosa Maria que sabe que n\u00e3o \u00e9 a pessoa certa para falar com Gl\u00f3ria por ser muito bruto, sabendo que ela lhe saber\u00e1 dar bons conselhos e evit\u00e1-la de cometer suic\u00eddio. Rosa Maria acaba por aceder. \u00c1lvaro beija-a grato, deixando-a pasma.<\/p>\n<p>Gl\u00f3ria diz a Rosa Maria saber que n\u00e3o agiu bem ao ser amante de Marcus durante tantos anos, mas defende-se que ao menos conseguiu salvar aquele casamento dele com <a href=\"https:\/\/tvi.iol.pt\/novelas\/videos\/maria-de-fatima-toma-decisao-sobre-vivi-esta-demitida\/68f8e7750cf285ab53a6b259\" rel=\"nofollow noopener\" target=\"_blank\">Vivi (Sofia Nicholson)<\/a>, que caso contr\u00e1rio j\u00e1 teria acabado h\u00e1 muito tempo. Rosa Maria olha-a surpresa. Gl\u00f3ria defende-se a Rosa Maria que foi ela quem conseguiu evitar o div\u00f3rcio de Marcus com Vivi, dizendo que foi a pensar nela que sempre impediu que Marcus a deixasse, o que iria acontecer se ele arranjasse outra mulher por ele estar farto de Vivi. Rosa Maria insinua que Marcus pode ter matado Vivi nesse caso. Gl\u00f3ria sai irritada.<\/p>\n<p>\u00a0<\/p>\n","protected":false},"excerpt":{"rendered":"Em \u00abTerra Forte\u00bb, Susette (In\u00eas Faria) vem at\u00e9 casa de Rosa Maria (Cust\u00f3dia Gallego) para lhe trazer comida,&hellip;\n","protected":false},"author":2,"featured_media":205616,"comment_status":"","ping_status":"","sticky":false,"template":"","format":"standard","meta":{"footnotes":""},"categories":[142],"tags":[20282,160,166,18259,114,115,157,167,16451,164,2728,18616,161,158,165,159,32,33,156,27871,18614,163,151,162],"class_list":{"0":"post-205615","1":"post","2":"type-post","3":"status-publish","4":"format-standard","5":"has-post-thumbnail","7":"category-tv","8":"tag-alvaro","9":"tag-ana-guiomar","10":"tag-cristina-ferreira","11":"tag-custodia-gallego","12":"tag-entertainment","13":"tag-entretenimento","14":"tag-festa-e-festa","15":"tag-ficcao","16":"tag-gloria","17":"tag-jose-fidalgo","18":"tag-jose-wallenstein","19":"tag-maria-joao-pinho","20":"tag-novelas","21":"tag-para-sempre","22":"tag-pedro-sousa","23":"tag-pedro-teixeira","24":"tag-portugal","25":"tag-pt","26":"tag-queridos-papas","27":"tag-rosa-maria","28":"tag-terra-forte","29":"tag-tiago-teotonio-pereira","30":"tag-tv","31":"tag-tvi"},"share_on_mastodon":{"url":"https:\/\/pubeurope.com\/@pt\/115796799835402833","error":""},"_links":{"self":[{"href":"https:\/\/www.europesays.com\/pt\/wp-json\/wp\/v2\/posts\/205615","targetHints":{"allow":["GET"]}}],"collection":[{"href":"https:\/\/www.europesays.com\/pt\/wp-json\/wp\/v2\/posts"}],"about":[{"href":"https:\/\/www.europesays.com\/pt\/wp-json\/wp\/v2\/types\/post"}],"author":[{"embeddable":true,"href":"https:\/\/www.europesays.com\/pt\/wp-json\/wp\/v2\/users\/2"}],"replies":[{"embeddable":true,"href":"https:\/\/www.europesays.com\/pt\/wp-json\/wp\/v2\/comments?post=205615"}],"version-history":[{"count":0,"href":"https:\/\/www.europesays.com\/pt\/wp-json\/wp\/v2\/posts\/205615\/revisions"}],"wp:featuredmedia":[{"embeddable":true,"href":"https:\/\/www.europesays.com\/pt\/wp-json\/wp\/v2\/media\/205616"}],"wp:attachment":[{"href":"https:\/\/www.europesays.com\/pt\/wp-json\/wp\/v2\/media?parent=205615"}],"wp:term":[{"taxonomy":"category","embeddable":true,"href":"https:\/\/www.europesays.com\/pt\/wp-json\/wp\/v2\/categories?post=205615"},{"taxonomy":"post_tag","embeddable":true,"href":"https:\/\/www.europesays.com\/pt\/wp-json\/wp\/v2\/tags?post=205615"}],"curies":[{"name":"wp","href":"https:\/\/api.w.org\/{rel}","templated":true}]}}