{"id":205617,"date":"2025-12-28T10:52:09","date_gmt":"2025-12-28T10:52:09","guid":{"rendered":"https:\/\/www.europesays.com\/pt\/205617\/"},"modified":"2025-12-28T10:52:09","modified_gmt":"2025-12-28T10:52:09","slug":"morreu-brigitte-bardot","status":"publish","type":"post","link":"https:\/\/www.europesays.com\/pt\/205617\/","title":{"rendered":"Morreu Brigitte Bardot"},"content":{"rendered":"<p>&#13;<br \/>\nCom &#8220;E Deus criou a mulher&#8221; o cinema franc\u00eas produziu uma das maiores estrelas de cinema do mundo.&#13;\n<\/p>\n<p>&#13;<br \/>\nO filme de 1956 foi censurado em v\u00e1rios pa\u00edses e alguns Estados norte-americanos pela sexualidade expl\u00edcita.&#13;\n<\/p>\n<p>          <img decoding=\"async\" itemprop=\"image\" class=\"img-fluid\"   src=\"https:\/\/www.europesays.com\/pt\/wp-content\/uploads\/2025\/12\/b5eec8b94d07fcfbe4db848b2bbcc17f_N.jpg\"\/><\/p>\n<p>Brigitte Bardot foi s\u00edmbolo de liberta\u00e7\u00e3o sexual, da emancipa\u00e7\u00e3o da mulher, rebelde, musa da nouvelle vague\u00a0e \u00edcone da s\u00e9tima arte.<\/p>\n<p>Bardot teve tamb\u00e9m uma carreira na m\u00fasica. A colabora\u00e7\u00e3o com Serge Gainsbourg foi um dos momentos mais marcantes.&#13;\n<\/p>\n<p>&#13;<br \/>\nParticipou em 47 filmes em pouco mais de duas d\u00e9cadas. Pouco antes de celebrar os 40 anos deixou tudo e dedicou-se \u00e0 primeira paix\u00e3o: os direitos dos animais.&#13;<\/p>\n","protected":false},"excerpt":{"rendered":"&#13; Com &#8220;E Deus criou a mulher&#8221; o cinema franc\u00eas produziu uma das maiores estrelas de cinema do&hellip;\n","protected":false},"author":2,"featured_media":205618,"comment_status":"","ping_status":"","sticky":false,"template":"","format":"standard","meta":{"footnotes":""},"categories":[85],"tags":[114,115,13,32,33,420,421],"class_list":{"0":"post-205617","1":"post","2":"type-post","3":"status-publish","4":"format-standard","5":"has-post-thumbnail","7":"category-entretenimento","8":"tag-entertainment","9":"tag-entretenimento","10":"tag-noticias","11":"tag-portugal","12":"tag-pt","13":"tag-rtp","14":"tag-rtp-noticias"},"share_on_mastodon":{"url":"https:\/\/pubeurope.com\/@pt\/115796819945015742","error":""},"_links":{"self":[{"href":"https:\/\/www.europesays.com\/pt\/wp-json\/wp\/v2\/posts\/205617","targetHints":{"allow":["GET"]}}],"collection":[{"href":"https:\/\/www.europesays.com\/pt\/wp-json\/wp\/v2\/posts"}],"about":[{"href":"https:\/\/www.europesays.com\/pt\/wp-json\/wp\/v2\/types\/post"}],"author":[{"embeddable":true,"href":"https:\/\/www.europesays.com\/pt\/wp-json\/wp\/v2\/users\/2"}],"replies":[{"embeddable":true,"href":"https:\/\/www.europesays.com\/pt\/wp-json\/wp\/v2\/comments?post=205617"}],"version-history":[{"count":0,"href":"https:\/\/www.europesays.com\/pt\/wp-json\/wp\/v2\/posts\/205617\/revisions"}],"wp:featuredmedia":[{"embeddable":true,"href":"https:\/\/www.europesays.com\/pt\/wp-json\/wp\/v2\/media\/205618"}],"wp:attachment":[{"href":"https:\/\/www.europesays.com\/pt\/wp-json\/wp\/v2\/media?parent=205617"}],"wp:term":[{"taxonomy":"category","embeddable":true,"href":"https:\/\/www.europesays.com\/pt\/wp-json\/wp\/v2\/categories?post=205617"},{"taxonomy":"post_tag","embeddable":true,"href":"https:\/\/www.europesays.com\/pt\/wp-json\/wp\/v2\/tags?post=205617"}],"curies":[{"name":"wp","href":"https:\/\/api.w.org\/{rel}","templated":true}]}}