{"id":205624,"date":"2025-12-28T11:01:11","date_gmt":"2025-12-28T11:01:11","guid":{"rendered":"https:\/\/www.europesays.com\/pt\/205624\/"},"modified":"2025-12-28T11:01:11","modified_gmt":"2025-12-28T11:01:11","slug":"morreu-a-atriz-brigitte-bardot","status":"publish","type":"post","link":"https:\/\/www.europesays.com\/pt\/205624\/","title":{"rendered":"Morreu a atriz Brigitte Bardot"},"content":{"rendered":"<p class=\"category\"><a href=\"https:\/\/sicnoticias.pt\/cultura\" rel=\"nofollow noopener\" target=\"_blank\">Cultura<\/a><\/p>\n<p class=\"status ematualizacao\">Em atualiza\u00e7\u00e3o<\/p>\n<p class=\"g-article-lead lead\" data-field=\"lead\">A lend\u00e1ria atriz francesa, \u00edcone mundial e fervorosa defensora dos animais, morreu aos 91 anos. O Presidente franc\u00eas fala na perda de \u201cuma lenda do s\u00e9culo\u201d que \u201cpersonificava uma vida de liberdade\u201d.<\/p>\n<p><img decoding=\"async\" src=\"https:\/\/www.europesays.com\/pt\/wp-content\/uploads\/2025\/12\/1766919671_719_original.webp\" alt=\"Morreu a atriz Brigitte Bardot\"\/><\/p>\n<p>Charly Hel\/Prestige\/Getty Images<\/p>\n<p><strong>A atriz francesa Brigitte Bardot morreu aos 91 anos. O an\u00fancio foi feito pela <\/strong><a href=\"https:\/\/www.fondationbrigittebardot.fr\/\" target=\"_blank\" rel=\"noopener noreferrer nofollow\"><strong>Funda\u00e7\u00e3o Brigitte Bardot<\/strong><\/a><strong> este domingo, 28 de dezembro.<\/strong><\/p>\n<blockquote>\n<p>\u201cA Funda\u00e7\u00e3o Brigitte Bardot anuncia com imensa tristeza o falecimento da sua fundadora e presidente, Madame Brigitte Bardot, atriz e cantora mundialmente reconhecida, que escolheu abandonar a sua prestigiada carreira para dedicar a sua vida e energia \u00e0 defesa dos animais e \u00e0 sua Funda\u00e7\u00e3o\u201d, l\u00ea-se no comunicado citado pela ag\u00eancia France Press.<\/p>\n<\/blockquote>\n<p>Brigitte Bardot abandonou o cinema h\u00e1 mais de 50 anos, deixando para tr\u00e1s cerca de dezenas de filmes e duas cenas que entraram para o pante\u00e3o da S\u00e9tima Arte: um mambo fren\u00e9tico num restaurante de Saint-Tropez em \u201cE Deus criou a mulher\u201d e um mon\u00f3logo, nua, na abertura de \u201cO desprezo\u201d.<\/p>\n<p>Desconhece-se as causas da morte da atriz mas no passado m\u00eas de outubro <a href=\"https:\/\/sicnoticias.pt\/cultura\/2025-10-17-brigitte-bardot-icone-do-cinema-frances-internada-de-urgencia-aos-91-anos-cb4398bb\" target=\"_blank\" rel=\"noopener noreferrer nofollow\">foi internada de urg\u00eancia<\/a><strong> devido a uma \u201cdoen\u00e7a grave\u201d.<\/strong><\/p>\n<p>A imprensa internacional avan\u00e7ou, \u00e0 data, que a atriz encontrava-se em casa, em Saint-Tropez, quando teve de ser transportada de urg\u00eancia para o hospital.<\/p>\n<p>   De bailarina a atriz mundial    <\/p>\n<p>Nascida em Paris, em 1934, Brigitte Bardot destacou-se inicialmente como bailarina cl\u00e1ssica antes de se tornar numa das maiores estrelas do cinema franc\u00eas.<\/p>\n<p>Considerada <strong>um dos maiores sex symbol das d\u00e9cadas de 50 e 60, ganhou notoriedade internacional com filmes como \u201cThe Girl in the Bikini\u201d e \u201cE Deus Criou a Mulher\u201d<\/strong>, que n\u00e3o s\u00f3 marcaram a sua carreira, como <strong>contribu\u00edram para romper tabus e mudar a forma como a sensualidade feminina era representada no grande ecr\u00e3<\/strong>.<\/p>\n<p>Com quase 50 filmes no curr\u00edculo, <strong>Brigitte Bardot foi uma das figuras de refer\u00eancias em Fran\u00e7a<\/strong>, sobretudo por ter desafiado os padr\u00f5es conservadores da sociedade europeia.<\/p>\n<p><strong>Ap\u00f3s sair do mundo do cinema, em 1973, dedicou-se \u00e0 causa da prote\u00e7\u00e3o dos animais<\/strong>. No entanto, nos \u00faltimos anos, voltou a estar no centro da aten\u00e7\u00e3o medi\u00e1tica, n\u00e3o pelo ativismo, mas pelas suas <strong>declara\u00e7\u00f5es controversas sobre minorias, que a levaram v\u00e1rias vezes aos tribunais por acusa\u00e7\u00f5es de discurso de \u00f3dio e racismo<\/strong>.<\/p>\n<p>     A perda de uma lenda   <\/p>\n<p>O Presidente franc\u00eas, Emmanuel Macron, j\u00e1 lamentou a morte \u201cde uma lenda do s\u00e9culo\u201d. Numa publica\u00e7\u00e3o na rede social X, escreve que \u201cos seus filmes, a sua voz, a sua gl\u00f3ria, (\u2026) a sua generosa paix\u00e3o pelos animais, o seu rosto &#8211; Brigitte Bardot personificava uma vida em liberdade\u201d.<\/p>\n<p>Macron diz ainda que Brigitte era \u201ca exist\u00eancia francesa e o brilho universal\u201d.<\/p>\n","protected":false},"excerpt":{"rendered":"Cultura Em atualiza\u00e7\u00e3o A lend\u00e1ria atriz francesa, \u00edcone mundial e fervorosa defensora dos animais, morreu aos 91 anos.&hellip;\n","protected":false},"author":2,"featured_media":205625,"comment_status":"","ping_status":"","sticky":false,"template":"","format":"standard","meta":{"footnotes":""},"categories":[8],"tags":[27,28,15,16,14,25,26,21,22,12,13,19,20,32,23,24,33,17,18,29,30,31],"class_list":{"0":"post-205624","1":"post","2":"type-post","3":"status-publish","4":"format-standard","5":"has-post-thumbnail","7":"category-principais-noticias","8":"tag-breaking-news","9":"tag-breakingnews","10":"tag-featured-news","11":"tag-featurednews","12":"tag-headlines","13":"tag-latest-news","14":"tag-latestnews","15":"tag-main-news","16":"tag-mainnews","17":"tag-news","18":"tag-noticias","19":"tag-noticias-principais","20":"tag-noticiasprincipais","21":"tag-portugal","22":"tag-principais-noticias","23":"tag-principaisnoticias","24":"tag-pt","25":"tag-top-stories","26":"tag-topstories","27":"tag-ultimas","28":"tag-ultimas-noticias","29":"tag-ultimasnoticias"},"share_on_mastodon":{"url":"https:\/\/pubeurope.com\/@pt\/115796855609505968","error":""},"_links":{"self":[{"href":"https:\/\/www.europesays.com\/pt\/wp-json\/wp\/v2\/posts\/205624","targetHints":{"allow":["GET"]}}],"collection":[{"href":"https:\/\/www.europesays.com\/pt\/wp-json\/wp\/v2\/posts"}],"about":[{"href":"https:\/\/www.europesays.com\/pt\/wp-json\/wp\/v2\/types\/post"}],"author":[{"embeddable":true,"href":"https:\/\/www.europesays.com\/pt\/wp-json\/wp\/v2\/users\/2"}],"replies":[{"embeddable":true,"href":"https:\/\/www.europesays.com\/pt\/wp-json\/wp\/v2\/comments?post=205624"}],"version-history":[{"count":0,"href":"https:\/\/www.europesays.com\/pt\/wp-json\/wp\/v2\/posts\/205624\/revisions"}],"wp:featuredmedia":[{"embeddable":true,"href":"https:\/\/www.europesays.com\/pt\/wp-json\/wp\/v2\/media\/205625"}],"wp:attachment":[{"href":"https:\/\/www.europesays.com\/pt\/wp-json\/wp\/v2\/media?parent=205624"}],"wp:term":[{"taxonomy":"category","embeddable":true,"href":"https:\/\/www.europesays.com\/pt\/wp-json\/wp\/v2\/categories?post=205624"},{"taxonomy":"post_tag","embeddable":true,"href":"https:\/\/www.europesays.com\/pt\/wp-json\/wp\/v2\/tags?post=205624"}],"curies":[{"name":"wp","href":"https:\/\/api.w.org\/{rel}","templated":true}]}}