{"id":205626,"date":"2025-12-28T11:02:17","date_gmt":"2025-12-28T11:02:17","guid":{"rendered":"https:\/\/www.europesays.com\/pt\/205626\/"},"modified":"2025-12-28T11:02:17","modified_gmt":"2025-12-28T11:02:17","slug":"li-martins-pede-ajuda-para-voltar-a-trabalhar-e-terminar-casa-apos-morte-de-jp-mantovani-r7-entretenimento","status":"publish","type":"post","link":"https:\/\/www.europesays.com\/pt\/205626\/","title":{"rendered":"Li Martins pede ajuda para voltar a trabalhar e terminar casa ap\u00f3s morte de JP Mantovani \u2013 R7 Entretenimento"},"content":{"rendered":"<p>LEIA AQUI O RESUMO DA NOT\u00cdCIA<\/p>\n<ul class=\"b-article-body-custom-embed-brief-news__list\" style=\"margin: 0; padding-left: 20px; list-style-type: disc;\">\n<li>Li Martins est\u00e1 em busca de trabalho ap\u00f3s a morte do marido, JP Mantovani, em um acidente de tr\u00e2nsito.<\/li>\n<li>A cantora interrompeu sua carreira para cuidar da filha Antonella e finalizar a casa constru\u00edda com JP.<\/li>\n<li>Ela est\u00e1 procurando patrocinadores para um reality que planeja fazer sobre a obra da casa e sua hist\u00f3ria de vida.<\/li>\n<li>Li e JP se conheceram em 2015, passaram por separa\u00e7\u00f5es e reata\u00e7\u00f5es, e se casaram poucos meses antes de sua morte.<\/li>\n<\/ul>\n<p style=\"font-size: 0.8em; font-style: italic; text-align: right; margin-top: 15px; padding-bottom: 5px; margin-bottom: 0;\">Produzido pela Ri7a &#8211; a Intelig\u00eancia Artificial do R7<\/p>\n<p><img decoding=\"async\" data-chromatic=\"ignore\" alt=\"\" class=\"c-image\" loading=\"lazy\" src=\"https:\/\/www.europesays.com\/pt\/wp-content\/uploads\/2025\/12\/6QESVYD7IRDQNDGUMMLAKFJRSE.webp\"  width=\"1199\" height=\"674\"\/>Li Martins pede ajuda para voltar a trabalhar e terminar casa ap\u00f3s morte de JP Mantovani Instagram\/@jpmantovani <\/p>\n<p class=\"jarvics:base-text-neutral-high-400 base-text-[calc(theme(fontSize.xs)_*_var(--font-size,_1))] base-font-normal base-font-primary base-text-neutral-low-500 base-text-left\"><a href=\"https:\/\/www.r7.com\/tudo-sobre\/li-martins\/\" target=\"_blank\" rel=\"noreferrer nofollow noopener\" title=\"https:\/\/www.r7.com\/tudo-sobre\/li-martins\/\"><b>Li Martins<\/b><\/a>, ex-integrante do <a href=\"https:\/\/entretenimento.r7.com\/vanity-brasil\/aline-wirley-confirma-possibilidade-de-retorno-do-grupo-rouge-em-2026-08112025\/\" target=\"_blank\" rel=\"noreferrer nofollow noopener\" title=\"https:\/\/entretenimento.r7.com\/vanity-brasil\/aline-wirley-confirma-possibilidade-de-retorno-do-grupo-rouge-em-2026-08112025\/\"><b>Rouge<\/b><\/a>, emocionou os f\u00e3s ao falar sobre os desafios que vem enfrentando desde a <b>morte do marido<\/b>, <a href=\"https:\/\/www.r7.com\/tudo-sobre\/jp-mantovani\/\" target=\"_blank\" rel=\"noreferrer nofollow noopener\" title=\"https:\/\/www.r7.com\/tudo-sobre\/jp-mantovani\/\"><b>JP Mantovani<\/b><\/a><b>, <\/b>que faleceu em um acidente de tr\u00e2nsito na Marginal Pinheiros, em <a href=\"https:\/\/noticias.r7.com\/sao-paulo\/\" target=\"_blank\" rel=\"noreferrer nofollow noopener\" title=\"https:\/\/noticias.r7.com\/sao-paulo\/\">S\u00e3o Paulo<\/a>, no dia 21 de setembro. <\/p>\n<p class=\"jarvics:base-text-neutral-high-400 base-text-[calc(theme(fontSize.xs)_*_var(--font-size,_1))] base-font-normal base-font-primary base-text-neutral-low-500 base-text-left\">Em entrevista ao podcast Amar, de Mariana Kupfer, a cantora revelou que precisa voltar a trabalhar para terminar a casa que estava construindo com o marido e cuidar da filha Antonella, de 8 anos.<\/p>\n<p class=\"jarvics:base-text-neutral-high-400 base-text-[calc(theme(fontSize.xs)_*_var(--font-size,_1))] base-font-normal base-font-primary base-text-neutral-low-500 base-text-left\">\u201cN\u00e3o est\u00e1 sendo f\u00e1cil para mim. Se pudesse, eu queria estar trancada no meu quarto agora, mas tenho uma filha para criar, uma casa para terminar. Eu estou aqui tamb\u00e9m para pedir ajuda. Uma das coisas que eu tenho aprendido nesse processo \u00e9 ser humilde para pedir ajuda\u201d, desabafou Li. <\/p>\n<p class=\"jarvics:base-text-neutral-high-400 base-text-[calc(theme(fontSize.xs)_*_var(--font-size,_1))] base-font-normal base-font-primary base-text-neutral-low-500 base-text-left\">Afastada dos palcos, a ex-Rouge contou que precisa retomar a rotina profissional: <\/p>\n<p class=\"jarvics:base-text-neutral-high-400 base-text-[calc(theme(fontSize.xs)_*_var(--font-size,_1))] base-font-normal base-font-primary base-text-neutral-low-500 base-text-left\">\u201cEu estava construindo a casa, mas parei tudo para cuidar da minha filha e da minha sa\u00fade. Estou procurando empresas que tenham interesse em patrocinar e participar desse reality que eu quero fazer da obra. Estou em busca de trabalho e de pessoas que estejam alinhadas com o meu prop\u00f3sito hoje. Pessoas que enxerguem a minha hist\u00f3ria tamb\u00e9m como um prop\u00f3sito de vida.\u201d<\/p>\n<p class=\"jarvics:base-text-neutral-high-400 base-text-[calc(theme(fontSize.xs)_*_var(--font-size,_1))] base-font-normal base-font-primary base-text-neutral-low-500 base-text-left\">O <b>acidente que tirou a vida de JP<\/b> aconteceu quando ele pilotava uma moto e colidiu com um caminh\u00e3o de limpeza que realizava servi\u00e7os na Marginal Pinheiros. Segundo a Pol\u00edcia Militar, o resgate constatou a morte ainda no local.<\/p>\n<p class=\"jarvics:base-text-neutral-high-400 base-text-[calc(theme(fontSize.xs)_*_var(--font-size,_1))] base-font-normal base-font-primary base-text-neutral-low-500 base-text-left\">Li e JP se conheceram em A Fazenda 8, em 2015. O romance ganhou a vida real, mas o casal se separou em fevereiro de 2017, quando Li estava gr\u00e1vida de 5 meses de Antonella. Eles reataram o relacionamento em outubro de 2018, um ano e meio depois.<\/p>\n<p class=\"jarvics:base-text-neutral-high-400 base-text-[calc(theme(fontSize.xs)_*_var(--font-size,_1))] base-font-normal base-font-primary base-text-neutral-low-500 base-text-left\">Em 2021, participaram juntos do <b>Power Couple Brasil 5<\/b>, ficando em terceiro lugar. Poucos meses antes da morte de JP, oficializaram a uni\u00e3o em uma cerim\u00f4nia em maio deste ano. <\/p>\n<p class=\"jarvics:base-text-neutral-high-400 base-text-[calc(theme(fontSize.xs)_*_var(--font-size,_1))] base-font-normal base-font-primary base-text-neutral-low-500 base-text-left\">Tomara que ela consiga ajuda, n\u00e9?<\/p>\n<p class=\"jarvics:base-text-neutral-high-400 base-text-[calc(theme(fontSize.xs)_*_var(--font-size,_1))] base-font-normal base-font-primary base-text-neutral-low-500 base-text-left\">\u2705<b>Para saber tudo do mundo dos famosos, <\/b><a href=\"https:\/\/whatsapp.com\/channel\/0029Va9UfKcHQbRyCyhPt71R\" rel=\"nofollow noopener\" target=\"_blank\"><b>siga o canal de entretenimento do R7<\/b><\/a><b>, o portal de not\u00edcias da Record, no WhatsApp<\/b><\/p>\n<p>Os textos aqui publicados <strong>n\u00e3o refletem<\/strong> necessariamente a opini\u00e3o do<strong> Grupo Record<\/strong>.<\/p>\n","protected":false},"excerpt":{"rendered":"LEIA AQUI O RESUMO DA NOT\u00cdCIA Li Martins est\u00e1 em busca de trabalho ap\u00f3s a morte do marido,&hellip;\n","protected":false},"author":2,"featured_media":205627,"comment_status":"","ping_status":"","sticky":false,"template":"","format":"standard","meta":{"footnotes":""},"categories":[145],"tags":[4552,211,210,114,115,3034,20749,21013,32,33],"class_list":{"0":"post-205626","1":"post","2":"type-post","3":"status-publish","4":"format-standard","5":"has-post-thumbnail","7":"category-celebridades","8":"tag-a-hora-da-venenosa","9":"tag-celebridades","10":"tag-celebrities","11":"tag-entertainment","12":"tag-entretenimento","13":"tag-famosos-e-celebridades","14":"tag-jp-mantovani","15":"tag-li-martins","16":"tag-portugal","17":"tag-pt"},"share_on_mastodon":{"url":"https:\/\/pubeurope.com\/@pt\/115796858884593441","error":""},"_links":{"self":[{"href":"https:\/\/www.europesays.com\/pt\/wp-json\/wp\/v2\/posts\/205626","targetHints":{"allow":["GET"]}}],"collection":[{"href":"https:\/\/www.europesays.com\/pt\/wp-json\/wp\/v2\/posts"}],"about":[{"href":"https:\/\/www.europesays.com\/pt\/wp-json\/wp\/v2\/types\/post"}],"author":[{"embeddable":true,"href":"https:\/\/www.europesays.com\/pt\/wp-json\/wp\/v2\/users\/2"}],"replies":[{"embeddable":true,"href":"https:\/\/www.europesays.com\/pt\/wp-json\/wp\/v2\/comments?post=205626"}],"version-history":[{"count":0,"href":"https:\/\/www.europesays.com\/pt\/wp-json\/wp\/v2\/posts\/205626\/revisions"}],"wp:featuredmedia":[{"embeddable":true,"href":"https:\/\/www.europesays.com\/pt\/wp-json\/wp\/v2\/media\/205627"}],"wp:attachment":[{"href":"https:\/\/www.europesays.com\/pt\/wp-json\/wp\/v2\/media?parent=205626"}],"wp:term":[{"taxonomy":"category","embeddable":true,"href":"https:\/\/www.europesays.com\/pt\/wp-json\/wp\/v2\/categories?post=205626"},{"taxonomy":"post_tag","embeddable":true,"href":"https:\/\/www.europesays.com\/pt\/wp-json\/wp\/v2\/tags?post=205626"}],"curies":[{"name":"wp","href":"https:\/\/api.w.org\/{rel}","templated":true}]}}