{"id":205630,"date":"2025-12-28T11:07:11","date_gmt":"2025-12-28T11:07:11","guid":{"rendered":"https:\/\/www.europesays.com\/pt\/205630\/"},"modified":"2025-12-28T11:07:11","modified_gmt":"2025-12-28T11:07:11","slug":"com-russell-crowe-e-aaron-taylor-johnson-filme-mais-sombrio-da-marvel-aposta-em-violencia-crua-e-esta-na-hbo-max","status":"publish","type":"post","link":"https:\/\/www.europesays.com\/pt\/205630\/","title":{"rendered":"Com Russell Crowe e Aaron Taylor-Johnson, filme mais sombrio da Marvel aposta em viol\u00eancia crua e est\u00e1 na HBO Max"},"content":{"rendered":"<p>\u201cKraven: O Ca\u00e7ador\u201d chega carregando um estigma que antecede qualquer julgamento est\u00e9tico: o de integrar um universo que parece existir mais por teimosia corporativa do que por desejo narrativo. Ainda assim, o filme surpreende justamente por n\u00e3o tentar se esconder atr\u00e1s de ironias f\u00e1ceis ou da autopar\u00f3dia que virou muleta no g\u00eanero. Aqui, a aposta \u00e9 outra: viol\u00eancia frontal, conflitos familiares e um protagonista tratado com uma seriedade quase deslocada para um personagem que, em tese, deveria servir apenas como engrenagem de franquia.<\/p>\n<p>A trama acompanha Sergei Kravinoff, vivido por <a href=\"https:\/\/www.revistabula.com\/86307-com-aaron-taylor-johnson-suspense-indicado-a-153-premios-incluindo-o-oscar-esta-na-netflix\/\" target=\"_blank\" rel=\"noreferrer noopener nofollow\">Aaron Taylor-Johnson<\/a>, desde a inf\u00e2ncia marcada pela rela\u00e7\u00e3o brutal com o pai, Nikolai, interpretado por Russell Crowe. Criado sob uma l\u00f3gica de for\u00e7a, sobreviv\u00eancia e humilha\u00e7\u00e3o emocional, Sergei cresce transformando o trauma em m\u00e9todo. Ap\u00f3s um epis\u00f3dio decisivo envolvendo um ataque animal e uma interven\u00e7\u00e3o quase m\u00edstica, ele passa a desenvolver habilidades sobre-humanas e escolhe direcionar sua f\u00faria contra criminosos que escapam das estruturas formais de puni\u00e7\u00e3o. O enredo n\u00e3o se dispersa em amea\u00e7as globais: tudo gravita em torno da heran\u00e7a paterna, da culpa e da necessidade de romper um ciclo de viol\u00eancia herdada.<\/p>\n<p>Conflito de sangue e poder<\/p>\n<p id=\"h-conflito-de-sangue-e-poder-a-relacao-entre-sergei-e-nikolai-e-o-eixo-dramatico-mais-consistente-do-filme-russell-crowe-constroi-um-patriarca-que-nao-busca-empatia-apenas-obediencia-nao-ha-tentativa-de-redencao-nem-camadas-sentimentalizadas-trata-se-de-um-homem-que-entende-o-mundo-como-territorio-de-caca-esse-embate-da-ao-filme-um-peso-raro-dentro-desse-tipo-de-producao-porque-o-conflito-nao-depende-de-artefatos-magicos-ou-conspiracoes-externas-mas-de-uma-logica-familiar-que-sufoca-taylor-johnson-responde-a-altura-assumindo-um-protagonista-contido-fisico-frequentemente-silencioso-como-se-cada-gesto-carregasse-anos-de-ressentimento-nao-verbalizado\">A rela\u00e7\u00e3o entre Sergei e Nikolai \u00e9 o eixo dram\u00e1tico mais consistente do filme. Russell Crowe constr\u00f3i um patriarca que n\u00e3o busca empatia, apenas obedi\u00eancia. N\u00e3o h\u00e1 tentativa de reden\u00e7\u00e3o nem camadas sentimentalizadas: trata-se de um homem que entende o mundo como territ\u00f3rio de ca\u00e7a. Esse embate d\u00e1 ao filme um peso raro dentro desse tipo de produ\u00e7\u00e3o, porque o conflito n\u00e3o depende de artefatos m\u00e1gicos ou conspira\u00e7\u00f5es externas, mas de uma l\u00f3gica familiar que sufoca. Taylor-Johnson responde \u00e0 altura, assumindo um protagonista contido, f\u00edsico, frequentemente silencioso, como se cada gesto carregasse anos de ressentimento n\u00e3o verbalizado.<\/p>\n<p>Viol\u00eancia sem verniz<\/p>\n<p id=\"h-violencia-sem-verniz-sob-a-direcao-de-j-c-chandor-a-brutalidade-nao-busca-elegancia-nem-espetaculo-higienizado-as-sequencias-de-acao-sao-diretas-incomodas-muitas-vezes-prolongadas-alem-do-confortavel-ha-erros-de-ritmo-decisoes-questionaveis-de-montagem-e-efeitos-digitais-irregulares-mas-o-conjunto-mantem-coerencia-interna-o-filme-nao-pede-desculpas-por-ser-agressivo-nem-tenta-transformar-isso-em-comentario-metalinguistico-existe-um-prazer-quase-primitivo-nessa-abordagem-alinhado-a-natureza-do-personagem-que-funciona-melhor-do-que-o-sarcasmo-constante-adotado-por-producoes-semelhantes\">Sob a dire\u00e7\u00e3o de J.C. Chandor, a brutalidade n\u00e3o busca eleg\u00e2ncia nem espet\u00e1culo higienizado. As sequ\u00eancias de a\u00e7\u00e3o s\u00e3o diretas, inc\u00f4modas, muitas vezes prolongadas al\u00e9m do confort\u00e1vel. H\u00e1 erros de ritmo, decis\u00f5es question\u00e1veis de montagem e efeitos digitais irregulares, mas o conjunto mant\u00e9m coer\u00eancia interna. O filme n\u00e3o pede desculpas por ser agressivo nem tenta transformar isso em coment\u00e1rio metalingu\u00edstico. Existe um prazer quase primitivo nessa abordagem, alinhado \u00e0 natureza do personagem, que funciona melhor do que o sarcasmo constante adotado por produ\u00e7\u00f5es semelhantes.<\/p>\n<p>Um universo que trope\u00e7a, mas anda<\/p>\n<p id=\"h-um-universo-que-tropeca-mas-anda-o-roteiro-e-irregular-com-personagens-secundarios-subaproveitados-e-solucoes-apressadas-especialmente-no-ultimo-ato-ainda-assim-a-narrativa-segue-adiante-sem-rupturas-graves-sustentada-por-um-arco-central-claro-ao-contrario-de-outras-tentativas-recentes-da-sony-kraven-o-cacador-nao-parece-constrangido-por-sua-propria-existencia-ele-aceita-seu-tamanho-seus-limites-e-sua-proposta-nao-redefine-nada-mas-tambem-nao-implora-aprovacao\">O roteiro \u00e9 irregular, com personagens secund\u00e1rios subaproveitados e solu\u00e7\u00f5es apressadas, especialmente no \u00faltimo ato. Ainda assim, a narrativa segue adiante sem rupturas graves, sustentada por um arco central claro. Ao contr\u00e1rio de outras tentativas recentes da Sony, \u201cKraven: O Ca\u00e7ador\u201d n\u00e3o parece constrangido por sua pr\u00f3pria exist\u00eancia. Ele aceita seu tamanho, seus limites e sua proposta. N\u00e3o redefine nada, mas tamb\u00e9m n\u00e3o implora aprova\u00e7\u00e3o.<\/p>\n<p>O resultado \u00e9 um filme que dificilmente ser\u00e1 lembrado como marco, mas que se sustenta como entretenimento adulto, sombrio e surpreendentemente s\u00e9rio. Em um g\u00eanero cada vez mais anestesiado pelo excesso de piadas e autoconsci\u00eancia, essa seriedade quase ing\u00eanua acaba sendo seu gesto mais provocador.<\/p>\n<p>\n<strong>Filme: <\/strong><br \/>\nKraven: O Ca\u00e7ador<\/p>\n<p>\n<strong>Diretor: <\/strong><\/p>\n<p> J.C. Chandor                <\/p>\n<p>\n<strong>Ano: <\/strong><br \/>\n2024<\/p>\n<p>\n<strong>G\u00eanero: <\/strong><br \/>\nA\u00e7\u00e3o\/Aventura\/Suspense<\/p>\n<p>\n<strong>Avalia\u00e7\u00e3o: <\/strong><\/p>\n<p>7\/10<br \/>\n1<br \/>\n1<\/p>\n<p>Helena Oliveira<\/p>\n<p>\n\u2605\u2605\u2605\u2605\u2605\u2605\u2605\u2605\u2605\u2605<\/p>\n","protected":false},"excerpt":{"rendered":"\u201cKraven: O Ca\u00e7ador\u201d chega carregando um estigma que antecede qualquer julgamento est\u00e9tico: o de integrar um universo que&hellip;\n","protected":false},"author":2,"featured_media":205631,"comment_status":"","ping_status":"","sticky":false,"template":"","format":"standard","meta":{"footnotes":""},"categories":[140],"tags":[114,115,147,148,1627,146,32,33],"class_list":{"0":"post-205630","1":"post","2":"type-post","3":"status-publish","4":"format-standard","5":"has-post-thumbnail","7":"category-filmes","8":"tag-entertainment","9":"tag-entretenimento","10":"tag-film","11":"tag-filmes","12":"tag-max","13":"tag-movies","14":"tag-portugal","15":"tag-pt"},"share_on_mastodon":{"url":"https:\/\/pubeurope.com\/@pt\/115796878546762134","error":""},"_links":{"self":[{"href":"https:\/\/www.europesays.com\/pt\/wp-json\/wp\/v2\/posts\/205630","targetHints":{"allow":["GET"]}}],"collection":[{"href":"https:\/\/www.europesays.com\/pt\/wp-json\/wp\/v2\/posts"}],"about":[{"href":"https:\/\/www.europesays.com\/pt\/wp-json\/wp\/v2\/types\/post"}],"author":[{"embeddable":true,"href":"https:\/\/www.europesays.com\/pt\/wp-json\/wp\/v2\/users\/2"}],"replies":[{"embeddable":true,"href":"https:\/\/www.europesays.com\/pt\/wp-json\/wp\/v2\/comments?post=205630"}],"version-history":[{"count":0,"href":"https:\/\/www.europesays.com\/pt\/wp-json\/wp\/v2\/posts\/205630\/revisions"}],"wp:featuredmedia":[{"embeddable":true,"href":"https:\/\/www.europesays.com\/pt\/wp-json\/wp\/v2\/media\/205631"}],"wp:attachment":[{"href":"https:\/\/www.europesays.com\/pt\/wp-json\/wp\/v2\/media?parent=205630"}],"wp:term":[{"taxonomy":"category","embeddable":true,"href":"https:\/\/www.europesays.com\/pt\/wp-json\/wp\/v2\/categories?post=205630"},{"taxonomy":"post_tag","embeddable":true,"href":"https:\/\/www.europesays.com\/pt\/wp-json\/wp\/v2\/tags?post=205630"}],"curies":[{"name":"wp","href":"https:\/\/api.w.org\/{rel}","templated":true}]}}