{"id":205640,"date":"2025-12-28T11:13:10","date_gmt":"2025-12-28T11:13:10","guid":{"rendered":"https:\/\/www.europesays.com\/pt\/205640\/"},"modified":"2025-12-28T11:13:10","modified_gmt":"2025-12-28T11:13:10","slug":"bulgaria-prepara-entrada-na-zona-euro-em-clima-de-instabilidade-politica-e-receios-de-desinformacao-pro-russia","status":"publish","type":"post","link":"https:\/\/www.europesays.com\/pt\/205640\/","title":{"rendered":"Bulg\u00e1ria prepara entrada na zona euro em clima de instabilidade pol\u00edtica e receios de desinforma\u00e7\u00e3o pr\u00f3-R\u00fassia"},"content":{"rendered":"<p><b>Acompanhe toda a atualidade informativa em\u00a0<\/b><a href=\"http:\/\/24noticias.sapo.pt\/\" rel=\"nofollow noopener\" target=\"_blank\"><b>24noticias.sapo.pt<\/b><\/a><\/p>\n<p>O pa\u00eds dos balc\u00e3s, com 6,5 milh\u00f5es de habitantes, tornar-se-\u00e1 o 21.\u00ba Estado-membro da zona euro, numa decis\u00e3o que respons\u00e1veis pol\u00edticos em Bruxelas e em S\u00f3fia acreditam poder impulsionar a economia da na\u00e7\u00e3o mais pobre da Uni\u00e3o Europeia e consolidar a sua trajet\u00f3ria pr\u00f3-ocidental, afirma o <a href=\"http:\/\/www.theguardian.com\/world\/2025\/dec\/28\/bulgaria-europe-eurozone-russia-disinformation-economy\" rel=\"nofollow noopener\" target=\"_blank\">The Guardian<\/a>.<\/p>\n<p>A presidente da Comiss\u00e3o Europeia, Ursula von der Leyen, defendeu que \u201cgra\u00e7as ao euro\u201d, a Bulg\u00e1ria beneficiar\u00e1 de um aumento do com\u00e9rcio, do investimento, da cria\u00e7\u00e3o de empregos qualificados e de \u201crendimentos reais\u201d para a popula\u00e7\u00e3o.<\/p>\n<p>Tamb\u00e9m numa visita recente \u00e0 capital b\u00falgara, o comiss\u00e1rio europeu para a Economia, Valdis Dombrovskis, sublinhou que a ades\u00e3o \u00e0 moeda \u00fanica assume uma import\u00e2ncia acrescida num contexto marcado pela guerra da R\u00fassia contra a Ucr\u00e2nia, o agravamento das tens\u00f5es geopol\u00edticas e a incerteza econ\u00f3mica global, fatores que \u201cevidenciam a import\u00e2ncia da unidade europeia\u201d. \u201cA maioria dos pa\u00edses europeus, incluindo a Bulg\u00e1ria, \u00e9 demasiado pequena para moldar o mundo atual de forma isolada. S\u00f3 podem ganhar o peso necess\u00e1rio integrando-se plenamente nas maiores estruturas pol\u00edticas e econ\u00f3micas da Uni\u00e3o Europeia\u201d, afirmou.<\/p>\n<p>Apesar dos benef\u00edcios anunciados, a opini\u00e3o p\u00fablica permanece profundamente <a href=\"https:\/\/24noticias.sapo.pt\/atualidade\/artigos\/bulgaria-entrada-no-euro-acendeu-propaganda-anti-ue-no-pais-mais-pobre-do-bloco\" rel=\"nofollow noopener\" target=\"_blank\">dividida<\/a>. Um inqu\u00e9rito recente do Minist\u00e9rio das Finan\u00e7as revelou que 51% dos b\u00falgaros s\u00e3o a favor da entrada no euro, enquanto 45% se mostram contra.<\/p>\n<p>Uma crise pol\u00edtica de quatro anos tem contribuido para a eros\u00e3o da confian\u00e7a no governo e para a polariza\u00e7\u00e3o pol\u00edtica. Este m\u00eas, o governo de Rosen Zhelyazkov demitiu-se ap\u00f3s manifesta\u00e7\u00f5es &#8220;massivas&#8221; de anti-corrup\u00e7\u00e3o em todo o pa\u00eds.<\/p>\n<p>__<\/p>\n<p><b>A sua newsletter de sempre, agora ainda mais \u00fatil<\/b><\/p>\n<p>Com o lan\u00e7amento da nova marca de informa\u00e7\u00e3o\u00a0<b>24not\u00edcias<\/b>, estamos a mudar a plataforma de newsletters, aproveitando para refor\u00e7ar a informa\u00e7\u00e3o que os leitores mais valorizam:\u00a0<b>a que lhes \u00e9 \u00fatil, ajuda a tomar decis\u00f5es e a entender o mundo.<\/b><\/p>\n<p><b>Assine a nova newsletter do 24not\u00edcias\u00a0<\/b><a href=\"https:\/\/sapo.us1.list-manage.com\/subscribe?u=8f49263740b14ab5854be8045&amp;id=57a39c5e8f\" rel=\"nofollow noopener\" target=\"_blank\"><b>aqui<\/b><\/a><b>.<\/b><\/p>\n","protected":false},"excerpt":{"rendered":"Acompanhe toda a atualidade informativa em\u00a024noticias.sapo.pt O pa\u00eds dos balc\u00e3s, com 6,5 milh\u00f5es de habitantes, tornar-se-\u00e1 o 21.\u00ba&hellip;\n","protected":false},"author":2,"featured_media":205641,"comment_status":"","ping_status":"","sticky":false,"template":"","format":"standard","meta":{"footnotes":""},"categories":[50],"tags":[27,28,15,16,14,25,26,21,22,62,12,13,19,20,23,24,17,18,29,30,31,63,64,65],"class_list":{"0":"post-205640","1":"post","2":"type-post","3":"status-publish","4":"format-standard","5":"has-post-thumbnail","7":"category-mundo","8":"tag-breaking-news","9":"tag-breakingnews","10":"tag-featured-news","11":"tag-featurednews","12":"tag-headlines","13":"tag-latest-news","14":"tag-latestnews","15":"tag-main-news","16":"tag-mainnews","17":"tag-mundo","18":"tag-news","19":"tag-noticias","20":"tag-noticias-principais","21":"tag-noticiasprincipais","22":"tag-principais-noticias","23":"tag-principaisnoticias","24":"tag-top-stories","25":"tag-topstories","26":"tag-ultimas","27":"tag-ultimas-noticias","28":"tag-ultimasnoticias","29":"tag-world","30":"tag-world-news","31":"tag-worldnews"},"share_on_mastodon":{"url":"https:\/\/pubeurope.com\/@pt\/115796902018524096","error":""},"_links":{"self":[{"href":"https:\/\/www.europesays.com\/pt\/wp-json\/wp\/v2\/posts\/205640","targetHints":{"allow":["GET"]}}],"collection":[{"href":"https:\/\/www.europesays.com\/pt\/wp-json\/wp\/v2\/posts"}],"about":[{"href":"https:\/\/www.europesays.com\/pt\/wp-json\/wp\/v2\/types\/post"}],"author":[{"embeddable":true,"href":"https:\/\/www.europesays.com\/pt\/wp-json\/wp\/v2\/users\/2"}],"replies":[{"embeddable":true,"href":"https:\/\/www.europesays.com\/pt\/wp-json\/wp\/v2\/comments?post=205640"}],"version-history":[{"count":0,"href":"https:\/\/www.europesays.com\/pt\/wp-json\/wp\/v2\/posts\/205640\/revisions"}],"wp:featuredmedia":[{"embeddable":true,"href":"https:\/\/www.europesays.com\/pt\/wp-json\/wp\/v2\/media\/205641"}],"wp:attachment":[{"href":"https:\/\/www.europesays.com\/pt\/wp-json\/wp\/v2\/media?parent=205640"}],"wp:term":[{"taxonomy":"category","embeddable":true,"href":"https:\/\/www.europesays.com\/pt\/wp-json\/wp\/v2\/categories?post=205640"},{"taxonomy":"post_tag","embeddable":true,"href":"https:\/\/www.europesays.com\/pt\/wp-json\/wp\/v2\/tags?post=205640"}],"curies":[{"name":"wp","href":"https:\/\/api.w.org\/{rel}","templated":true}]}}