{"id":205670,"date":"2025-12-28T11:50:41","date_gmt":"2025-12-28T11:50:41","guid":{"rendered":"https:\/\/www.europesays.com\/pt\/205670\/"},"modified":"2025-12-28T11:50:41","modified_gmt":"2025-12-28T11:50:41","slug":"assinou-pelo-benfica-nao-jogou-e-ainda-perdeu-dinheiro-rakip-revela-drama-2","status":"publish","type":"post","link":"https:\/\/www.europesays.com\/pt\/205670\/","title":{"rendered":"Assinou pelo Benfica, n\u00e3o jogou e ainda perdeu dinheiro: Rakip revela drama"},"content":{"rendered":"<p>Erdal Rakip, 29 anos, m\u00e9dio de origem sueca, mas internacional pela Maced\u00f3nia do Norte, abordou em declara\u00e7\u00f5es ao Podcast Lundh a passagem fugaz pelo <a target=\"_blank\" class=\"editor-link autolink-enabled\" href=\"https:\/\/www.abola.pt\/futebol\/benfica-450\" data-resource-id=\"450\" data-resource-type=\"team\" data-sport=\"football\" rel=\"nofollow noopener\">Benfica<\/a>, que rendeu&#8230; zero minutos e muitos problemas.<\/p>\n<p>Depois de uma grande temporada pelo Malmo, em 2017, Rakip mudou-se para o Benfica em janeiro de 2018, mas foi imediatamente emprestado a uma equipa da <a class=\"autolink-enabled\" data-resource-id=\"3\" data-resource-type=\"competition\" data-sport=\"football\" href=\"https:\/\/www.abola.pt\/futebol\/competicao\/premier-league-3\" rel=\"nofollow noopener\" target=\"_blank\">Premier League<\/a>. \u00abSim, a temporada na Su\u00e9cia acaba cedo, em novembro. Mudei-me por volta de 20 de janeiro. O plano era assinar pelo Benfica e ser emprestado. N\u00e3o estava decidido que seria ao <a class=\"autolink-enabled\" data-resource-id=\"110\" data-resource-type=\"team\" data-sport=\"football\" href=\"https:\/\/www.abola.pt\/futebol\/crystal-palace-110\" rel=\"nofollow noopener\" target=\"_blank\">Crystal Palace<\/a>, mas acabou por ser. Levei cerca de um m\u00eas, m\u00eas e meio, a ficar em forma, porque vinha das f\u00e9rias na Su\u00e9cia. E, nessa altura, o Palace tinha muitos jogadores lesionados\u00bb, come\u00e7ou por explicar Rakip.<\/p>\n<p>\t\t<img decoding=\"async\" src=\"https:\/\/www.europesays.com\/pt\/wp-content\/uploads\/2025\/12\/1766922641_718_thumbs.web.sapo.io\"  loading=\"true\"\/><\/p>\n<p>Erdal Rakip revela inclusivamente conversa com o treinador de ent\u00e3o do Palace, Roy Hodgson, quando adquiriu ritmo: \u00ab&#8217;Est\u00e1s em boa forma, mas estamos no fundo da tabela e tenho de apostar nos jogadores mais experientes para garantir a perman\u00eancia&#8217;. E nessa altura todos os jogadores deles voltaram das les\u00f5es, ent\u00e3o ele teve de jogar com eles para salvar a perman\u00eancia na Premier League.\u00bb<\/p>\n<p>O regresso ao Benfica no final da \u00e9poca 2018\/19 n\u00e3o correu como esperava. \u00abO plano era ser emprestado ao Palace, voltar no ver\u00e3o ao Benfica e fazer a pr\u00e9-\u00e9poca com eles. O plano parecia \u00f3timo. Mas, do nada, eu estava em casa e vejo que o Benfica j\u00e1 tinha come\u00e7ado a treinar.  E eu n\u00e3o tinha recebido qualquer informa\u00e7\u00e3o. Achei que algo n\u00e3o estava bem. Liguei ao meu agente da altura e ele disse-me: &#8216;Eles deram-te f\u00e9rias extra&#8217;. Achei estranho.  Por que haveriam de dar-me f\u00e9rias extra?\u00bb, questionou ent\u00e3o.<\/p>\n<p>Erdal Rakip n\u00e3o estava satisfeito e procurou respostas: \u00abDuas semanas depois, voei para Lisboa. Quando cheguei ao <a class=\"autolink-enabled\" data-resource-id=\"2940\" data-resource-type=\"team\" data-sport=\"football\" href=\"https:\/\/www.abola.pt\/futebol\/benfica-b-2940\" rel=\"nofollow noopener\" target=\"_blank\">B<\/a>enfica, n\u00e3o recebi a oportunidade que me tinham prometido de treinar com a equipa principal e de fazer a pr\u00e9-\u00e9poca. Se n\u00e3o fosse suficientemente bom, entenderia, mas nem tive a hip\u00f3tese de mostrar-me. Mandaram-me para a equipa <a class=\"autolink-enabled\" data-resource-id=\"2940\" data-resource-type=\"team\" data-sport=\"football\" href=\"https:\/\/www.abola.pt\/futebol\/benfica-b-2940\" rel=\"nofollow noopener\" target=\"_blank\">B<\/a>. S\u00f3 treinava com eles. E, pior: n\u00e3o me deixavam jogar as partidas da equipa <a class=\"autolink-enabled\" data-resource-id=\"2940\" data-resource-type=\"team\" data-sport=\"football\" href=\"https:\/\/www.abola.pt\/futebol\/benfica-b-2940\" rel=\"nofollow noopener\" target=\"_blank\">B<\/a>. N\u00e3o cumpriram a palavra. Foi um tempo muito dif\u00edcil para mim.\u00bb<\/p>\n<p>O m\u00e9dio prossegue: \u00abFiquei at\u00e9 janeiro. Eu pedia: &#8216;Se estou na equipa B, deixem-me jogar, pode ser uma montra para mim&#8217;. Muitos jogadores do Benfica B foram vendidos por grandes somas. Mas eles diziam: &#8216;N\u00e3o, n\u00e3o jogas&#8217;. Depois, do nada, quando o mercado fechou, tive a hip\u00f3tese de treinar com a equipa principal durante duas semanas. Treinei superbem, mas depois magoei-me num p\u00e9. Quando recuperei, esperava voltar \u00e0 equipa A, mas proibiram-me novamente. S\u00f3 porque tinha estado lesionado.\u00bb<\/p>\n<p>O drama de Erdal Rakip tamb\u00e9m envolve dinheiro. \u00abSim, recebi tudo, exceto o \u00faltimo sal\u00e1rio, quando decidi rescindir para voltar ao Malmo. Eles disseram-me: &#8216;Ou voltas para aqui [e continuas sem jogar] ou abdicas de um m\u00eas de sal\u00e1rio e vais-te embora&#8217;. Eu estava no Malmo a tratar de tudo e o Daniel Andersson [diretor do Malmo] disse-me: &#8216;Sabes que n\u00e3o vais receber o teu \u00faltimo sal\u00e1rio do Benfica?&#8217;. Eu perguntei a raz\u00e3o, liguei para l\u00e1 e disseram-me: &#8216;Tens duas op\u00e7\u00f5es: ou assinas este papel e abdicas do dinheiro, ou voltas para o Benfica&#8217;. Tive de sacrificar um m\u00eas de sal\u00e1rio do contrato com o Benfica s\u00f3 para conseguir sair e voltar a jogar futebol. No ponto em que eu estava, aos 21 anos, precisava de jogar. N\u00e3o tinha alegria nenhuma no Benfica, s\u00f3 treinava e n\u00e3o jogava\u00bb, conta Rakip.<\/p>\n<p>O jogador, que se encontra agora livre de contrato ap\u00f3s tr\u00eas temporadas no Antalyaspor, da Turquia, entende, apesar de tudo, o interesse do clube em contrat\u00e1-lo: \u00abO Benfica \u00e9 um clube gigante. Clubes como o Chelsea ou o Benfica contratam tudo o que podem. Eu fui a custo zero, eles s\u00f3 pagaram os direitos de forma\u00e7\u00e3o. Para eles, n\u00e3o custei dinheiro nenhum. Viram um jogador de 21 anos que tinha feito uma boa \u00e9poca e decidiram apostar. Mas o facto de n\u00e3o me terem dado sequer a oportunidade&#8230; ainda hoje me sinto estranho com isso. \u00c9 triste.\u00bb<\/p>\n","protected":false},"excerpt":{"rendered":"Erdal Rakip, 29 anos, m\u00e9dio de origem sueca, mas internacional pela Maced\u00f3nia do Norte, abordou em declara\u00e7\u00f5es ao&hellip;\n","protected":false},"author":2,"featured_media":205671,"comment_status":"","ping_status":"","sticky":false,"template":"","format":"standard","meta":{"footnotes":""},"categories":[8],"tags":[27,28,15,16,14,25,26,21,22,12,13,19,20,32,23,24,33,17,18,29,30,31],"class_list":{"0":"post-205670","1":"post","2":"type-post","3":"status-publish","4":"format-standard","5":"has-post-thumbnail","7":"category-principais-noticias","8":"tag-breaking-news","9":"tag-breakingnews","10":"tag-featured-news","11":"tag-featurednews","12":"tag-headlines","13":"tag-latest-news","14":"tag-latestnews","15":"tag-main-news","16":"tag-mainnews","17":"tag-news","18":"tag-noticias","19":"tag-noticias-principais","20":"tag-noticiasprincipais","21":"tag-portugal","22":"tag-principais-noticias","23":"tag-principaisnoticias","24":"tag-pt","25":"tag-top-stories","26":"tag-topstories","27":"tag-ultimas","28":"tag-ultimas-noticias","29":"tag-ultimasnoticias"},"share_on_mastodon":{"url":"https:\/\/pubeurope.com\/@pt\/115797048140639669","error":""},"_links":{"self":[{"href":"https:\/\/www.europesays.com\/pt\/wp-json\/wp\/v2\/posts\/205670","targetHints":{"allow":["GET"]}}],"collection":[{"href":"https:\/\/www.europesays.com\/pt\/wp-json\/wp\/v2\/posts"}],"about":[{"href":"https:\/\/www.europesays.com\/pt\/wp-json\/wp\/v2\/types\/post"}],"author":[{"embeddable":true,"href":"https:\/\/www.europesays.com\/pt\/wp-json\/wp\/v2\/users\/2"}],"replies":[{"embeddable":true,"href":"https:\/\/www.europesays.com\/pt\/wp-json\/wp\/v2\/comments?post=205670"}],"version-history":[{"count":0,"href":"https:\/\/www.europesays.com\/pt\/wp-json\/wp\/v2\/posts\/205670\/revisions"}],"wp:featuredmedia":[{"embeddable":true,"href":"https:\/\/www.europesays.com\/pt\/wp-json\/wp\/v2\/media\/205671"}],"wp:attachment":[{"href":"https:\/\/www.europesays.com\/pt\/wp-json\/wp\/v2\/media?parent=205670"}],"wp:term":[{"taxonomy":"category","embeddable":true,"href":"https:\/\/www.europesays.com\/pt\/wp-json\/wp\/v2\/categories?post=205670"},{"taxonomy":"post_tag","embeddable":true,"href":"https:\/\/www.europesays.com\/pt\/wp-json\/wp\/v2\/tags?post=205670"}],"curies":[{"name":"wp","href":"https:\/\/api.w.org\/{rel}","templated":true}]}}