{"id":205700,"date":"2025-12-28T12:22:13","date_gmt":"2025-12-28T12:22:13","guid":{"rendered":"https:\/\/www.europesays.com\/pt\/205700\/"},"modified":"2025-12-28T12:22:13","modified_gmt":"2025-12-28T12:22:13","slug":"jovem-ucraniana-condenada-a-prisao-por-passar-informacoes-militares-a-russia","status":"publish","type":"post","link":"https:\/\/www.europesays.com\/pt\/205700\/","title":{"rendered":"Jovem ucraniana condenada a pris\u00e3o por passar informa\u00e7\u00f5es militares \u00e0 R\u00fassia"},"content":{"rendered":"<p class=\"category\"><a href=\"https:\/\/sicnoticias.pt\/especiais\/guerra-russia-ucrania\" rel=\"nofollow noopener\" target=\"_blank\">Guerra R\u00fassia-Ucr\u00e2nia<\/a><\/p>\n<p class=\"g-article-lead lead\" data-field=\"lead\">A jovem, que ter\u00e1 entre 16 e 17 anos, ter\u00e1 mantido contacto com um oficial russo atrav\u00e9s da aplica\u00e7\u00e3o Telegram, que lhe pediu que realizasse grava\u00e7\u00f5es da sede da Academia Nacional da Guarda Fronteiri\u00e7a da Ucr\u00e2nia, de uma instala\u00e7\u00e3o militar em Jmelnitski e de uma esta\u00e7\u00e3o ferrovi\u00e1ria utilizada para transporte de carga militar, entre outros locais.<\/p>\n<p><img decoding=\"async\" src=\"https:\/\/www.europesays.com\/pt\/wp-content\/uploads\/2025\/12\/1766924533_806_original.webp\" alt=\"Jovem ucraniana condenada a pris\u00e3o por passar informa\u00e7\u00f5es militares \u00e0 R\u00fassia\"\/><\/p>\n<p>Canva<\/p>\n<p><strong>Um tribunal ucraniano condenou a cinco anos de pris\u00e3o uma adolescente por &#8220;entregar ilegalmente&#8221; informa\u00e7\u00f5es sobre instala\u00e7\u00f5es militares na Ucr\u00e2nia \u00e0 R\u00fassia em troca de recompensas monet\u00e1rias, no contexto da invas\u00e3o russa do pa\u00eds.<\/strong><\/p>\n<p>O tribunal, localizado na prov\u00edncia de Jmelnitski, indicou que a <strong>condenada \u00e9 uma estudante do 11.\u00ba ano &#8212; com idade entre os 16 e os 17 anos &#8211;<\/strong> cuja identidade n\u00e3o foi revelada, que <strong>ter\u00e1 fornecido os dados a um oficial dos servi\u00e7os de intelig\u00eancia russos em troca de diversas quantias de dinheiro<\/strong>.<\/p>\n<p>No veredicto, o tribunal sublinha que a<strong> adolescente &#8220;\u00e9 culpada de cometer um crime nos termos do C\u00f3digo Penal da Ucr\u00e2nia e condenada a cinco anos de pris\u00e3o&#8221;<\/strong>, mas esclarece que <strong>n\u00e3o cumprir\u00e1 pena de reclus\u00e3o, ap\u00f3s ter chegado a um acordo com a Procuradoria, que lhe permitir\u00e1 permanecer em liberdade condicional durante dois anos<\/strong>.<\/p>\n<p>O tribunal determinou ainda que, <strong>nesse per\u00edodo, a jovem ter\u00e1 de se apresentar periodicamente \u00e0s autoridades, comunicar qualquer altera\u00e7\u00e3o do seu local de resid\u00eancia, estudos ou trabalho, n\u00e3o viajar para o estrangeiro sem autoriza\u00e7\u00e3o e cumprir todas as obriga\u00e7\u00f5es definidas pelo agente respons\u00e1vel pela liberdade condicional<\/strong>.<\/p>\n<p>Segundo o tribunal, a adolescente ter\u00e1 mantido contacto com o oficial russo atrav\u00e9s da aplica\u00e7\u00e3o Telegram, que lhe pediu que realizasse grava\u00e7\u00f5es da sede da Academia Nacional da Guarda Fronteiri\u00e7a da Ucr\u00e2nia, de uma instala\u00e7\u00e3o militar em Jmelnitski e de uma esta\u00e7\u00e3o ferrovi\u00e1ria utilizada para transporte de carga militar, entre outros locais.<\/p>\n","protected":false},"excerpt":{"rendered":"Guerra R\u00fassia-Ucr\u00e2nia A jovem, que ter\u00e1 entre 16 e 17 anos, ter\u00e1 mantido contacto com um oficial russo&hellip;\n","protected":false},"author":2,"featured_media":205701,"comment_status":"","ping_status":"","sticky":false,"template":"","format":"standard","meta":{"footnotes":""},"categories":[50],"tags":[27,28,15,16,14,25,26,21,22,62,12,13,19,20,23,24,17,18,29,30,31,63,64,65],"class_list":{"0":"post-205700","1":"post","2":"type-post","3":"status-publish","4":"format-standard","5":"has-post-thumbnail","7":"category-mundo","8":"tag-breaking-news","9":"tag-breakingnews","10":"tag-featured-news","11":"tag-featurednews","12":"tag-headlines","13":"tag-latest-news","14":"tag-latestnews","15":"tag-main-news","16":"tag-mainnews","17":"tag-mundo","18":"tag-news","19":"tag-noticias","20":"tag-noticias-principais","21":"tag-noticiasprincipais","22":"tag-principais-noticias","23":"tag-principaisnoticias","24":"tag-top-stories","25":"tag-topstories","26":"tag-ultimas","27":"tag-ultimas-noticias","28":"tag-ultimasnoticias","29":"tag-world","30":"tag-world-news","31":"tag-worldnews"},"share_on_mastodon":{"url":"https:\/\/pubeurope.com\/@pt\/115797174010279792","error":""},"_links":{"self":[{"href":"https:\/\/www.europesays.com\/pt\/wp-json\/wp\/v2\/posts\/205700","targetHints":{"allow":["GET"]}}],"collection":[{"href":"https:\/\/www.europesays.com\/pt\/wp-json\/wp\/v2\/posts"}],"about":[{"href":"https:\/\/www.europesays.com\/pt\/wp-json\/wp\/v2\/types\/post"}],"author":[{"embeddable":true,"href":"https:\/\/www.europesays.com\/pt\/wp-json\/wp\/v2\/users\/2"}],"replies":[{"embeddable":true,"href":"https:\/\/www.europesays.com\/pt\/wp-json\/wp\/v2\/comments?post=205700"}],"version-history":[{"count":0,"href":"https:\/\/www.europesays.com\/pt\/wp-json\/wp\/v2\/posts\/205700\/revisions"}],"wp:featuredmedia":[{"embeddable":true,"href":"https:\/\/www.europesays.com\/pt\/wp-json\/wp\/v2\/media\/205701"}],"wp:attachment":[{"href":"https:\/\/www.europesays.com\/pt\/wp-json\/wp\/v2\/media?parent=205700"}],"wp:term":[{"taxonomy":"category","embeddable":true,"href":"https:\/\/www.europesays.com\/pt\/wp-json\/wp\/v2\/categories?post=205700"},{"taxonomy":"post_tag","embeddable":true,"href":"https:\/\/www.europesays.com\/pt\/wp-json\/wp\/v2\/tags?post=205700"}],"curies":[{"name":"wp","href":"https:\/\/api.w.org\/{rel}","templated":true}]}}