{"id":205711,"date":"2025-12-28T12:34:07","date_gmt":"2025-12-28T12:34:07","guid":{"rendered":"https:\/\/www.europesays.com\/pt\/205711\/"},"modified":"2025-12-28T12:34:07","modified_gmt":"2025-12-28T12:34:07","slug":"as-historias-de-sucesso-que-marcaram-a-ciencia-e-a-saude-em-2025-jornal-de-noticias","status":"publish","type":"post","link":"https:\/\/www.europesays.com\/pt\/205711\/","title":{"rendered":"As hist\u00f3rias de sucesso que marcaram a ci\u00eancia e a sa\u00fade em 2025 &#8211; Jornal de Not\u00edcias"},"content":{"rendered":"<ol>\n<li><a href=\"https:\/\/news.google.com\/rss\/articles\/CBMipwFBVV95cUxQZkdISC03VzMyckdjVDNUQ2pSNzI3dGFmanhGQzN1QThwalI5N1lzZTBFcXphUk1CM00tbnJrUzRRZjVscVRyTFlBRGJKR3NxSllMVGJaX25FSG53MjFUSTJUeVFaZWFxMmhQQVBBR1BCZV9QWlNhdFI0VjVaSjVjLVpYU2M4cGYwSFdfMTFqLV82WWgyX2NyS201T0E2TlhReWNud2NuVQ?oc=5\" target=\"_blank\" rel=\"nofollow noopener\">As hist\u00f3rias de sucesso que marcaram a ci\u00eancia e a sa\u00fade em 2025<\/a>&nbsp;&nbsp;Jornal de Not\u00edcias<\/li>\n<li><a href=\"https:\/\/news.google.com\/rss\/articles\/CBMipwFBVV95cUxQYTNsSzVCQ0VtQ2pmbnRkRHFJWUNRRl85eHQzTWJyb3R2aF94MW9BMXdrWmpCN0h3dnVkanY3NVZYYUZwN1hNSUY1SVdZWmd2cTRfcVBSckdiTF94REM2RzBERDZ5ZTM1WXM2WEk3Xzk0YUx1U1BIekVRRF96UUlmN3kxeE50d3lSVDdrRU13RFZuSG8wek1qT2hKMG93M0QzTUlWeWhtWQ?oc=5\" target=\"_blank\" rel=\"nofollow noopener\">Brasil entra no mapa da IA global com tecnologia que foi direto para o SUS<\/a>&nbsp;&nbsp;NeoFeed<\/li>\n<li><a href=\"https:\/\/news.google.com\/rss\/articles\/CBMipAFBVV95cUxPWDNCcDRqZ2hmSWFPR1dmc3BhcVAybjd1UHZ1VE9aNzlEcGxxMklJQ0Zkc21ybU94LXdqNEpTbldEcEJBd3lmUUdXd3hoSE5DUjVKSVNtZEpiUDF0MGlfc2pFX09LbFBNaER5OVZhXzFGN2VjRjRjTG5ielJ0WkhUV2FhZVUtRVlRVjUtMFV4RnBIbmNhSkVhbnF6U3pRZ1BoMnI3bA?oc=5\" target=\"_blank\" rel=\"nofollow noopener\">Um ano de protagonismo brasileiro na sa\u00fade | Claudio Lottenberg<\/a>&nbsp;&nbsp;VEJA<\/li>\n<li><a href=\"https:\/\/news.google.com\/rss\/articles\/CBMi2gFBVV95cUxNYWh5dnV2by10MnNzNWQzT1pUNURuTzhVWTFTbUFUT1YxOHhVbEJjT2ZGdktiME9hVkFFN1luMFZtYnVIS08yQlhNbUZJUE9CbW1jOEJYMjJKNFFMRnNUcnR4YmpQdkx5NWlDbExNWkVTcEF0bk1OMHRIRF9XajJISzRvYWJ1V043aTZSeTJ2S1NpNnZYTFlrdEJxSld2RXdMU2IwSndwMXczdm1rdlFQLUNKMGlvdTVlcy1ZMEYwLU1qOEp1N1ZKQmdqRHFncUNSSDNWUlY5TjIxUQ?oc=5\" target=\"_blank\" rel=\"nofollow noopener\">&#8220;Sa\u00fade vive ano hist\u00f3rico no SUS com vacinas, hospitais e mais acesso a especialistas&#8221;, afirma Arruda Bastos<\/a>&nbsp;&nbsp;Brasil 247<\/li>\n<li><a href=\"https:\/\/news.google.com\/rss\/articles\/CBMiqwFBVV95cUxQc2k1WjlRSTZ1RlRnbmc5alIzc1I2RnhrMWJrRTB4MVl4eHZ0OVdtazdHaXg3c0VRMkVteFVFUE5XYktFM25NOEs0OF9XakY1X0k3aGpIMGVnUS1xekZBbXNRc2ZHeTkxbFhzZ1NfNU1uRjRLYlV0N1B1TW5kMWpVR0FKUzhHbWJwbm9qT1MyRnFjdG9KZm94NWU3bmdoQUVTSk4tMVNBWVZKZFE?oc=5\" target=\"_blank\" rel=\"nofollow noopener\">Tribuna Livre: A intelig\u00eancia artificial na sa\u00fade<\/a>&nbsp;&nbsp;A Tribuna<\/li>\n<\/ol>\n","protected":false},"excerpt":{"rendered":"As hist\u00f3rias de sucesso que marcaram a ci\u00eancia e a sa\u00fade em 2025&nbsp;&nbsp;Jornal de Not\u00edcias Brasil entra no&hellip;\n","protected":false},"author":2,"featured_media":205712,"comment_status":"","ping_status":"","sticky":false,"template":"","format":"standard","meta":{"footnotes":""},"categories":[86],"tags":[109,2001,116,62,32,33,117,110],"class_list":{"0":"post-205711","1":"post","2":"type-post","3":"status-publish","4":"format-standard","5":"has-post-thumbnail","7":"category-saude","8":"tag-ciencia","9":"tag-descoberta","10":"tag-health","11":"tag-mundo","12":"tag-portugal","13":"tag-pt","14":"tag-saude","15":"tag-tecnologia"},"share_on_mastodon":{"url":"https:\/\/pubeurope.com\/@pt\/115797220584239488","error":""},"_links":{"self":[{"href":"https:\/\/www.europesays.com\/pt\/wp-json\/wp\/v2\/posts\/205711","targetHints":{"allow":["GET"]}}],"collection":[{"href":"https:\/\/www.europesays.com\/pt\/wp-json\/wp\/v2\/posts"}],"about":[{"href":"https:\/\/www.europesays.com\/pt\/wp-json\/wp\/v2\/types\/post"}],"author":[{"embeddable":true,"href":"https:\/\/www.europesays.com\/pt\/wp-json\/wp\/v2\/users\/2"}],"replies":[{"embeddable":true,"href":"https:\/\/www.europesays.com\/pt\/wp-json\/wp\/v2\/comments?post=205711"}],"version-history":[{"count":0,"href":"https:\/\/www.europesays.com\/pt\/wp-json\/wp\/v2\/posts\/205711\/revisions"}],"wp:featuredmedia":[{"embeddable":true,"href":"https:\/\/www.europesays.com\/pt\/wp-json\/wp\/v2\/media\/205712"}],"wp:attachment":[{"href":"https:\/\/www.europesays.com\/pt\/wp-json\/wp\/v2\/media?parent=205711"}],"wp:term":[{"taxonomy":"category","embeddable":true,"href":"https:\/\/www.europesays.com\/pt\/wp-json\/wp\/v2\/categories?post=205711"},{"taxonomy":"post_tag","embeddable":true,"href":"https:\/\/www.europesays.com\/pt\/wp-json\/wp\/v2\/tags?post=205711"}],"curies":[{"name":"wp","href":"https:\/\/api.w.org\/{rel}","templated":true}]}}