{"id":205715,"date":"2025-12-28T12:43:50","date_gmt":"2025-12-28T12:43:50","guid":{"rendered":"https:\/\/www.europesays.com\/pt\/205715\/"},"modified":"2025-12-28T12:43:50","modified_gmt":"2025-12-28T12:43:50","slug":"hospital-de-glasgow-crema-corpo-errado-apos-troca-na-morgue-atualidade","status":"publish","type":"post","link":"https:\/\/www.europesays.com\/pt\/205715\/","title":{"rendered":"Hospital de Glasgow crema corpo errado ap\u00f3s troca na morgue &#8211; Atualidade"},"content":{"rendered":"<p class=\"p1\"><b>Acompanhe toda a atualidade informativa em\u00a0<\/b><a href=\"http:\/\/24noticias.sapo.pt\/\" rel=\"nofollow noopener\" target=\"_blank\"><b>24noticias.sapo.pt<\/b><\/a><\/p>\n<p>O incidente ocorreu no Hospital Universit\u00e1rio Queen Elizabeth e levou o conselho de administra\u00e7\u00e3o do NHS Greater Glasgow and Clyde (NHSGGC) a apresentar um pedido formal de desculpas. A entidade confirmou a abertura de um inqu\u00e9rito interno e a suspens\u00e3o dos profissionais envolvidos.<\/p>\n<p>Segundo o maior conselho de sa\u00fade da Esc\u00f3cia, o erro deveu-se a uma falha humana. As fam\u00edlias afetadas j\u00e1 foram informadas e os restos mortais encontram-se agora sob a responsabilidade das ag\u00eancias funer\u00e1rias que as acompanham. O caso ter\u00e1 ocorrido no m\u00eas passado.<\/p>\n<p>Em declara\u00e7\u00f5es citadas pela Sky News, o diretor cl\u00ednico do NHS Greater Glasgow and Clyde, Scott Davidson, afirmou: \u201cGostaria de apresentar as minhas sinceras desculpas a ambas as fam\u00edlias afetadas\u201d.<\/p>\n<p>O respons\u00e1vel sublinhou que existem procedimentos rigorosos para evitar este tipo de situa\u00e7\u00f5es: \u201cTemos processos muito rigorosos para a identifica\u00e7\u00e3o e rotulagem dos corpos desde a sua chegada aos nossos morgues at\u00e9 \u00e0 sua entrega aos cuidados de uma ag\u00eancia funer\u00e1ria\u201d.<\/p>\n<p>Scott Davidson reconheceu, no entanto, que esses protocolos n\u00e3o foram cumpridos: \u201c\u00c9 com profundo pesar que estes procedimentos n\u00e3o foram respeitados nesta ocasi\u00e3o e que, como resultado, duas fam\u00edlias sofreram um sofrimento adicional significativo num momento j\u00e1 de si muito dif\u00edcil\u201d.<\/p>\n<p>O diretor cl\u00ednico garantiu ainda que foram tomadas medidas imediatas: \u201cInici\u00e1mos de imediato uma investiga\u00e7\u00e3o a este incidente e iremos assegurar que as li\u00e7\u00f5es retiradas sejam aplicadas\u201d.<\/p>\n<p class=\"p2\">__<\/p>\n<p class=\"p2\"><b>A sua newsletter de sempre, agora ainda mais \u00fatil<\/b><\/p>\n<p class=\"p2\">Com o lan\u00e7amento da nova marca de informa\u00e7\u00e3o\u00a0<b>24not\u00edcias<\/b>, estamos a mudar a plataforma de newsletters, aproveitando para refor\u00e7ar a informa\u00e7\u00e3o que os leitores mais valorizam:\u00a0<b>a que lhes \u00e9 \u00fatil, ajuda a tomar decis\u00f5es e a entender o mundo.<\/b><\/p>\n<p class=\"p2\"><b>Assine a nova newsletter do 24not\u00edcias\u00a0<\/b><a href=\"https:\/\/sapo.us1.list-manage.com\/subscribe?u=8f49263740b14ab5854be8045&amp;id=57a39c5e8f\" rel=\"nofollow noopener\" target=\"_blank\"><b>aqui<\/b><\/a><b>.<\/b><\/p>\n","protected":false},"excerpt":{"rendered":"Acompanhe toda a atualidade informativa em\u00a024noticias.sapo.pt O incidente ocorreu no Hospital Universit\u00e1rio Queen Elizabeth e levou o conselho&hellip;\n","protected":false},"author":2,"featured_media":205716,"comment_status":"","ping_status":"","sticky":false,"template":"","format":"standard","meta":{"footnotes":""},"categories":[50],"tags":[27,28,15,16,14,25,26,21,22,62,12,13,19,20,23,24,17,18,29,30,31,63,64,65],"class_list":{"0":"post-205715","1":"post","2":"type-post","3":"status-publish","4":"format-standard","5":"has-post-thumbnail","7":"category-mundo","8":"tag-breaking-news","9":"tag-breakingnews","10":"tag-featured-news","11":"tag-featurednews","12":"tag-headlines","13":"tag-latest-news","14":"tag-latestnews","15":"tag-main-news","16":"tag-mainnews","17":"tag-mundo","18":"tag-news","19":"tag-noticias","20":"tag-noticias-principais","21":"tag-noticiasprincipais","22":"tag-principais-noticias","23":"tag-principaisnoticias","24":"tag-top-stories","25":"tag-topstories","26":"tag-ultimas","27":"tag-ultimas-noticias","28":"tag-ultimasnoticias","29":"tag-world","30":"tag-world-news","31":"tag-worldnews"},"share_on_mastodon":{"url":"https:\/\/pubeurope.com\/@pt\/115797259883599379","error":""},"_links":{"self":[{"href":"https:\/\/www.europesays.com\/pt\/wp-json\/wp\/v2\/posts\/205715","targetHints":{"allow":["GET"]}}],"collection":[{"href":"https:\/\/www.europesays.com\/pt\/wp-json\/wp\/v2\/posts"}],"about":[{"href":"https:\/\/www.europesays.com\/pt\/wp-json\/wp\/v2\/types\/post"}],"author":[{"embeddable":true,"href":"https:\/\/www.europesays.com\/pt\/wp-json\/wp\/v2\/users\/2"}],"replies":[{"embeddable":true,"href":"https:\/\/www.europesays.com\/pt\/wp-json\/wp\/v2\/comments?post=205715"}],"version-history":[{"count":0,"href":"https:\/\/www.europesays.com\/pt\/wp-json\/wp\/v2\/posts\/205715\/revisions"}],"wp:featuredmedia":[{"embeddable":true,"href":"https:\/\/www.europesays.com\/pt\/wp-json\/wp\/v2\/media\/205716"}],"wp:attachment":[{"href":"https:\/\/www.europesays.com\/pt\/wp-json\/wp\/v2\/media?parent=205715"}],"wp:term":[{"taxonomy":"category","embeddable":true,"href":"https:\/\/www.europesays.com\/pt\/wp-json\/wp\/v2\/categories?post=205715"},{"taxonomy":"post_tag","embeddable":true,"href":"https:\/\/www.europesays.com\/pt\/wp-json\/wp\/v2\/tags?post=205715"}],"curies":[{"name":"wp","href":"https:\/\/api.w.org\/{rel}","templated":true}]}}