{"id":205717,"date":"2025-12-28T12:45:19","date_gmt":"2025-12-28T12:45:19","guid":{"rendered":"https:\/\/www.europesays.com\/pt\/205717\/"},"modified":"2025-12-28T12:45:19","modified_gmt":"2025-12-28T12:45:19","slug":"professora-que-matou-noivo-de-famalicao-quer-ser-mae-na-cadeia","status":"publish","type":"post","link":"https:\/\/www.europesays.com\/pt\/205717\/","title":{"rendered":"Professora que matou noivo de Famalic\u00e3o quer ser m\u00e3e na cadeia"},"content":{"rendered":"<p>A mulher de Vila Nova de Gaia que est\u00e1 a cumprir 17 anos de pris\u00e3o pela morte do ex-namorado Hugo Jos\u00e9 Oliveira, de Famalic\u00e3o, casou nos \u00faltimos meses e indicou ao advogado que pretende ser m\u00e3e na cadeia.<\/p>\n<p>&#13;<br \/>\n&#13;<br \/>\n&#13;<\/p>\n<p>Segundo o Correio da Manh\u00e3, que cita o advogado da reclusa, Pedro Pestana, esta ter\u00e1 casado por procura\u00e7\u00e3o com um indiv\u00edduo que conheceu em Cabo Verde em 2023, quando esteve fugida \u00e0s autoridades depois de conhecer a senten\u00e7a de pris\u00e3o. <\/p>\n<p>A mesma fonte indica que o indiv\u00edduo encontra-se atualmente em Portugal e que ambos t\u00eam direito a visitas \u00edntimas e pretendem ter filhos, com a reclusa, Fernanda Baltazar, a poder ser m\u00e3e na cadeia de Tires, onde est\u00e1 presa. <\/p>\n<p>O mesmo advogado adiantou que Fernanda Baltazar ir\u00e1 alegar problemas mentais para tentar reduzir a pena, mas s\u00e3o necess\u00e1rios cerca de 10 mil euros e nem Fernanda nem o marido conseguiram juntar o valor.<\/p>\n<p>A mulher est\u00e1 condenada a pena de pris\u00e3o de 17 anos. Ter\u00e1 que ainda que indemnizar a fam\u00edlia da v\u00edtima em 60 mil euros.<\/p>\n<p>Fernanda Baltazar, na altura com 36 anos, ter\u00e1 assassinado o famalicense, na altura com 25 anos, com recurso a medicamentos, gelo seco e fogo.<\/p>\n<p>Segundo a mulher, a morte fazia parte de um pacto de suic\u00eddio que acabou por falhar, j\u00e1 que desistiu. A mulher alega ter ajudado o noivo, Hugo Jos\u00e9 Oliveira, a morrer com um inc\u00eandio.<\/p>\n<p>A homicida ter\u00e1 sedado o noivo com comprimidos e despejado 35 quilos de gelo seco no quarto antes de atear fogo \u00e0 cama.<\/p>\n<p>A suspeita fez a confiss\u00e3o ao juiz, mas disse que n\u00e3o teve coragem de prosseguir. Depois do crime, a professora fugiu de taxi para sua terra natal, Vila Nova de Gaia, onde foi encontrada e detida pela Pol\u00edcia Judici\u00e1ria.<\/p>\n<p>Foi depois libertada por causa da um erro processual e fugiu para Cabo Verde, onde acabou detida para cumprir a pena em Portugal. <\/p>\n","protected":false},"excerpt":{"rendered":"A mulher de Vila Nova de Gaia que est\u00e1 a cumprir 17 anos de pris\u00e3o pela morte do&hellip;\n","protected":false},"author":2,"featured_media":205718,"comment_status":"","ping_status":"","sticky":false,"template":"","format":"standard","meta":{"footnotes":""},"categories":[10],"tags":[27,28,15,16,14,25,26,21,22,12,13,19,20,32,23,24,33,17,18,29,30,31],"class_list":{"0":"post-205717","1":"post","2":"type-post","3":"status-publish","4":"format-standard","5":"has-post-thumbnail","7":"category-portugal","8":"tag-breaking-news","9":"tag-breakingnews","10":"tag-featured-news","11":"tag-featurednews","12":"tag-headlines","13":"tag-latest-news","14":"tag-latestnews","15":"tag-main-news","16":"tag-mainnews","17":"tag-news","18":"tag-noticias","19":"tag-noticias-principais","20":"tag-noticiasprincipais","21":"tag-portugal","22":"tag-principais-noticias","23":"tag-principaisnoticias","24":"tag-pt","25":"tag-top-stories","26":"tag-topstories","27":"tag-ultimas","28":"tag-ultimas-noticias","29":"tag-ultimasnoticias"},"share_on_mastodon":{"url":"https:\/\/pubeurope.com\/@pt\/115797264098891684","error":""},"_links":{"self":[{"href":"https:\/\/www.europesays.com\/pt\/wp-json\/wp\/v2\/posts\/205717","targetHints":{"allow":["GET"]}}],"collection":[{"href":"https:\/\/www.europesays.com\/pt\/wp-json\/wp\/v2\/posts"}],"about":[{"href":"https:\/\/www.europesays.com\/pt\/wp-json\/wp\/v2\/types\/post"}],"author":[{"embeddable":true,"href":"https:\/\/www.europesays.com\/pt\/wp-json\/wp\/v2\/users\/2"}],"replies":[{"embeddable":true,"href":"https:\/\/www.europesays.com\/pt\/wp-json\/wp\/v2\/comments?post=205717"}],"version-history":[{"count":0,"href":"https:\/\/www.europesays.com\/pt\/wp-json\/wp\/v2\/posts\/205717\/revisions"}],"wp:featuredmedia":[{"embeddable":true,"href":"https:\/\/www.europesays.com\/pt\/wp-json\/wp\/v2\/media\/205718"}],"wp:attachment":[{"href":"https:\/\/www.europesays.com\/pt\/wp-json\/wp\/v2\/media?parent=205717"}],"wp:term":[{"taxonomy":"category","embeddable":true,"href":"https:\/\/www.europesays.com\/pt\/wp-json\/wp\/v2\/categories?post=205717"},{"taxonomy":"post_tag","embeddable":true,"href":"https:\/\/www.europesays.com\/pt\/wp-json\/wp\/v2\/tags?post=205717"}],"curies":[{"name":"wp","href":"https:\/\/api.w.org\/{rel}","templated":true}]}}