{"id":205719,"date":"2025-12-28T12:46:13","date_gmt":"2025-12-28T12:46:13","guid":{"rendered":"https:\/\/www.europesays.com\/pt\/205719\/"},"modified":"2025-12-28T12:46:13","modified_gmt":"2025-12-28T12:46:13","slug":"sc-braga-benfica-aquece-manha-deste-domingo-em-a-bola-tv","status":"publish","type":"post","link":"https:\/\/www.europesays.com\/pt\/205719\/","title":{"rendered":"SC Braga-Benfica aquece manh\u00e3 deste domingo em A BOLA TV"},"content":{"rendered":"<p>\u00abEm primeiro lugar, temos de respeitar o Braga. S\u00e3o uma equipa novata na Liga, mas com jogadores nacionais que conhecem bem o nosso campeonato e americanos de qualidade. Por isso, temos de os encarar como se fosse um jogo diante do FC Porto ou Sporting, e jogar ao nosso n\u00edvel durante os 40m\u00bb, come\u00e7ou por referir Jo\u00e3o \u2018Betinho\u2019 Gomes na antevis\u00e3o ao embate da manh\u00e3 deste domingo (11h00), com transmiss\u00e3o em direto em A BOLA TV.<\/p>\n<p>\u00abO jogo da Ta\u00e7a foi a nossa pior defesa nos \u00faltimos quatro anos. Sabemos que somos tetracampe\u00f5es por causa da nossa defesa, e vai ser com essa mentalidade que vamos a Braga\u00bb, completou o extremo.<\/p>\n<p>Note-se que o Benfica visita os minhotos 16 dias ap\u00f3s estes terem os terem eliminado nos oitavos de final da Ta\u00e7a de Portugal (81-82). Desfecho que tamb\u00e9m interrompeu 791(!) dias (2 anos, um m\u00eas e 29 dias) de invencibilidade dos homens de Norberto Alves na Luz em provas nacionais. Na liga, os campe\u00f5es mant\u00eam-se como a \u00fanica forma\u00e7\u00e3o invicta.<\/p>\n<p>J\u00e1 Pedro Grenha, treinador do C Braga, considerou que \u00abTodos os jogos exigem o nosso melhor n\u00edvel\u00bb. \u00abQuem tem acompanhado as diferentes competi\u00e7\u00f5es e confrontos entre equipas da Liga j\u00e1 conseguiu testemunhar resultados e desfechos improv\u00e1veis. Naturalmente, tratando-se de uma equipa ainda invicta no campeonato e com o estatuto de tetracampe\u00e3o, reconhecemos um elevado n\u00edvel de dificuldade no confronto com o Benfica. Contudo, apesar de respeitarmos o advers\u00e1rio, o nosso trabalho faz-nos acreditar que podemos, novamente, competir pela vit\u00f3ria\u00bb, disse convicto.<\/p>\n<p>\u00abO resultado no jogo da Luz, para a Ta\u00e7a de Portugal, ajuda-nos a refor\u00e7ar a confian\u00e7a no nosso trabalho e prepara\u00e7\u00e3o. Sabemos que, para vencer novamente teremos de executar as tarefas de forma perfeita e demonstrar uma atitude competitiva dif\u00edcil de igualar\u00bb, analisou Grenha.<\/p>\n<p>    <a class=\"group\/article relative flex flex-row gap-x-5 border border-neutral-300 p-2\" href=\"https:\/\/www.abola.pt\/noticias\/ovarense-sofre-em-queluz-2025122722280857424\" rel=\"nofollow noopener\" target=\"_blank\"><\/p>\n<p>            <img loading=\"lazy\" decoding=\"async\" src=\"https:\/\/www.europesays.com\/pt\/wp-content\/uploads\/2025\/12\/f1451795-d6bd-4b7d-9b8b-7f4136cdf53a.jpg\" alt=\"Jay Heath Jr (n.\u00ba 5) e Jackson Stormo celebram a dif\u00edcil vit\u00f3ria em Queluz\" width=\"168\" height=\"112\" class=\"h-[84px] w-[126px] sm:h-[112px] sm:w-[168px] aspect-[3\/2]  border-2 border-secondary-500 object-cover\"\/><\/p>\n<p>    <\/a><\/p>\n<p>Se o Benfica, que tem um jogo em atraso, apenas soma vit\u00f3rias e n\u00e3o perder na Liga desde o Jogo 3 do play-off final de 2024\/25, contra o FC Porto; o SC Braga vem de um desaire ante o V. Guimar\u00e3es (82-72) e est\u00e1 com 4 v-4 d. \u00a0<\/p>\n","protected":false},"excerpt":{"rendered":"\u00abEm primeiro lugar, temos de respeitar o Braga. S\u00e3o uma equipa novata na Liga, mas com jogadores nacionais&hellip;\n","protected":false},"author":2,"featured_media":205720,"comment_status":"","ping_status":"","sticky":false,"template":"","format":"standard","meta":{"footnotes":""},"categories":[8],"tags":[27,28,15,16,14,25,26,21,22,12,13,19,20,32,23,24,33,17,18,29,30,31],"class_list":{"0":"post-205719","1":"post","2":"type-post","3":"status-publish","4":"format-standard","5":"has-post-thumbnail","7":"category-principais-noticias","8":"tag-breaking-news","9":"tag-breakingnews","10":"tag-featured-news","11":"tag-featurednews","12":"tag-headlines","13":"tag-latest-news","14":"tag-latestnews","15":"tag-main-news","16":"tag-mainnews","17":"tag-news","18":"tag-noticias","19":"tag-noticias-principais","20":"tag-noticiasprincipais","21":"tag-portugal","22":"tag-principais-noticias","23":"tag-principaisnoticias","24":"tag-pt","25":"tag-top-stories","26":"tag-topstories","27":"tag-ultimas","28":"tag-ultimas-noticias","29":"tag-ultimasnoticias"},"share_on_mastodon":{"url":"https:\/\/pubeurope.com\/@pt\/115797268712598395","error":""},"_links":{"self":[{"href":"https:\/\/www.europesays.com\/pt\/wp-json\/wp\/v2\/posts\/205719","targetHints":{"allow":["GET"]}}],"collection":[{"href":"https:\/\/www.europesays.com\/pt\/wp-json\/wp\/v2\/posts"}],"about":[{"href":"https:\/\/www.europesays.com\/pt\/wp-json\/wp\/v2\/types\/post"}],"author":[{"embeddable":true,"href":"https:\/\/www.europesays.com\/pt\/wp-json\/wp\/v2\/users\/2"}],"replies":[{"embeddable":true,"href":"https:\/\/www.europesays.com\/pt\/wp-json\/wp\/v2\/comments?post=205719"}],"version-history":[{"count":0,"href":"https:\/\/www.europesays.com\/pt\/wp-json\/wp\/v2\/posts\/205719\/revisions"}],"wp:featuredmedia":[{"embeddable":true,"href":"https:\/\/www.europesays.com\/pt\/wp-json\/wp\/v2\/media\/205720"}],"wp:attachment":[{"href":"https:\/\/www.europesays.com\/pt\/wp-json\/wp\/v2\/media?parent=205719"}],"wp:term":[{"taxonomy":"category","embeddable":true,"href":"https:\/\/www.europesays.com\/pt\/wp-json\/wp\/v2\/categories?post=205719"},{"taxonomy":"post_tag","embeddable":true,"href":"https:\/\/www.europesays.com\/pt\/wp-json\/wp\/v2\/tags?post=205719"}],"curies":[{"name":"wp","href":"https:\/\/api.w.org\/{rel}","templated":true}]}}