{"id":205723,"date":"2025-12-28T12:50:24","date_gmt":"2025-12-28T12:50:24","guid":{"rendered":"https:\/\/www.europesays.com\/pt\/205723\/"},"modified":"2025-12-28T12:50:24","modified_gmt":"2025-12-28T12:50:24","slug":"tres-gracas-paulinho-joga-etica-no-lixo-e-esconde-prova-crucial-de-crime-apos-flagra","status":"publish","type":"post","link":"https:\/\/www.europesays.com\/pt\/205723\/","title":{"rendered":"Tr\u00eas Gra\u00e7as: Paulinho joga \u00e9tica no lixo e esconde prova crucial de crime ap\u00f3s flagra"},"content":{"rendered":"<p>A postura incorrupt\u00edvel de <strong>Paulinho<\/strong> (<strong>Romulo Estrela<\/strong>) ser\u00e1 colocada \u00e0 prova nos pr\u00f3ximos cap\u00edtulos de <a href=\"https:\/\/caras.com.br\/tags\/tres-gracas\" rel=\"nofollow noopener\" target=\"_blank\">Tr\u00eas Gra\u00e7as<\/a>. O policial cruzar\u00e1 a linha da legalidade duas vezes na mesma sequ\u00eancia: primeiro ao desafiar as ordens diretas do delegado <strong>Jairo<\/strong> (<strong>Andr\u00e9 Mattos<\/strong>) e, em um momento decisivo, ao ocultar uma evid\u00eancia da pr\u00f3pria cena do crime, agindo contra o juramento da profiss\u00e3o.<\/p>\n<p>\t Investiga\u00e7\u00e3o clandestina <\/p>\n<p>A tens\u00e3o come\u00e7a quando o delegado pro\u00edbe qualquer avan\u00e7o no inqu\u00e9rito sobre o assalto \u00e0 mans\u00e3o de <strong>Arminda<\/strong> (<strong>Grazi Massafera<\/strong>), uma manobra orquestrada nos bastidores pelo vil\u00e3o <strong>Ferette<\/strong> (<strong>Murilo Ben\u00edcio<\/strong>). Inconformados e desconfiados da passividade da pol\u00edcia, Paulinho e <strong>Juquinha<\/strong> (<strong>Gabriela Medvedovski<\/strong>) decidem agir na ilegalidade.<\/p>\n<p>A dupla invade a cena do crime para uma apura\u00e7\u00e3o extraoficial. A ousadia recompensa os investigadores amadores quando Juquinha localiza um brinco dourado no jardim, pe\u00e7a que passou despercebida pela per\u00edcia oficial.<\/p>\n<p>A euforia domina o momento: \u201cParab\u00e9ns, Juquinha! J\u00e1 temos uma pista\u201c, celebra o policial. A filha do desembargador logo tra\u00e7a a linha l\u00f3gica do crime:<\/p>\n<p>\u201cE ningu\u00e9m circula ali. S\u00f3 naquele dia que abriram a porta. Esse brinco deve ser de algu\u00e9m que participou do assalto\u201c, comenta a namorada de Lorena.<\/p>\n<p>Paulinho, ciente do valor forense daquele objeto, refor\u00e7a a import\u00e2ncia do achado: \u201cMelhor que isso, s\u00f3 se tivesse vindo com um peda\u00e7o da orelha para fazer o DNA\u201d, comenta o detetive.<\/p>\n<p> A quebra da moral <\/p>\n<p>\u00c9 neste instante que a conduta de Paulinho muda drasticamente. <strong>Gerluce<\/strong> (<strong>Sophie Charlotte<\/strong>) surge saindo da mans\u00e3o, quase flagrando a dupla. Em vez de registrar a prova ou confrontar a namorada, cujas atitudes recentes j\u00e1 despertavam desconfian\u00e7a, Paulinho opta pelo sil\u00eancio.<\/p>\n<p><strong>Leia tamb\u00e9m<\/strong>: <a href=\"https:\/\/caras.com.br\/novelas\/tres-gracas-misael-se-justifica-e-abre-mochila-de-dinheiro-ao-retornar-ao-ferro-velho.phtml\" rel=\"nofollow noopener\" target=\"_blank\">Tr\u00eas Gra\u00e7as: Misael se justifica e abre mochila de dinheiro ao retornar ao ferro-velho<\/a><\/p>\n<p>Num movimento r\u00e1pido e question\u00e1vel, ele guarda o brinco no bolso e esconde a prova do crime da parceira, omitindo o fato. A atitude marca uma ruptura na moral do personagem: ele agora conduz uma investiga\u00e7\u00e3o paralela n\u00e3o apenas contra os bandidos, mas escondendo o jogo das pessoas ao seu redor.<\/p>\n<p>A prova ocultada, no entanto, ser\u00e1 o fio condutor para desmascarar <strong>Viviane<\/strong> (<strong>Gabriela Loran<\/strong>). Ao visitar a casa da farmac\u00eautica, Paulinho reconhecer\u00e1 a pe\u00e7a \u00fanica, sem o par, confirmando que a \u201cinvestiga\u00e7\u00e3o suja\u201d pode ser a \u00fanica forma de resolver o mist\u00e9rio em Tr\u00eas Gra\u00e7as.<\/p>\n<p><strong>CONFIRA PUBLICA\u00c7\u00c3O RECENTE DA CARAS BRASIL NAS\u00a0<a href=\"https:\/\/www.instagram.com\/carasbrasil\/\" rel=\"nofollow noopener\" target=\"_blank\">REDES SOCIAIS:<\/a><\/strong><\/p>\n<blockquote class=\"instagram-media\" style=\"background: #FFF; border: 0; border-radius: 3px; box-shadow: 0 0 1px 0 rgba(0,0,0,0.5),0 1px 10px 0 rgba(0,0,0,0.15); margin: 1px; max-width: 540px; min-width: 326px; padding: 0; width: calc(100% - 2px);\" data-instgrm-permalink=\"https:\/\/www.instagram.com\/reel\/DSxHHB_iVxg\/?utm_source=ig_embed&amp;utm_campaign=loading\" data-instgrm-version=\"14\"><\/blockquote>\n<p>\t                                            <script async src=\"\/\/www.instagram.com\/embed.js\"><\/script><\/p>\n","protected":false},"excerpt":{"rendered":"A postura incorrupt\u00edvel de Paulinho (Romulo Estrela) ser\u00e1 colocada \u00e0 prova nos pr\u00f3ximos cap\u00edtulos de Tr\u00eas Gra\u00e7as. O&hellip;\n","protected":false},"author":2,"featured_media":205724,"comment_status":"","ping_status":"","sticky":false,"template":"","format":"standard","meta":{"footnotes":""},"categories":[142],"tags":[35775,114,115,40594,35051,4391,40595,4375,40596,2313,5429,32,33,4373,4374,4376,151,35052],"class_list":{"0":"post-205723","1":"post","2":"type-post","3":"status-publish","4":"format-standard","5":"has-post-thumbnail","7":"category-tv","8":"tag-arminda","9":"tag-entertainment","10":"tag-entretenimento","11":"tag-ferette","12":"tag-gabriela-loran","13":"tag-gabriela-medvedovski","14":"tag-gerluce","15":"tag-grazi-massafera","16":"tag-juquinha","17":"tag-murilo-benicio","18":"tag-paulinho","19":"tag-portugal","20":"tag-pt","21":"tag-romulo-estrela","22":"tag-sophie-charlotte","23":"tag-tres-gracas","24":"tag-tv","25":"tag-viviane"},"share_on_mastodon":{"url":"https:\/\/pubeurope.com\/@pt\/115797283509801748","error":""},"_links":{"self":[{"href":"https:\/\/www.europesays.com\/pt\/wp-json\/wp\/v2\/posts\/205723","targetHints":{"allow":["GET"]}}],"collection":[{"href":"https:\/\/www.europesays.com\/pt\/wp-json\/wp\/v2\/posts"}],"about":[{"href":"https:\/\/www.europesays.com\/pt\/wp-json\/wp\/v2\/types\/post"}],"author":[{"embeddable":true,"href":"https:\/\/www.europesays.com\/pt\/wp-json\/wp\/v2\/users\/2"}],"replies":[{"embeddable":true,"href":"https:\/\/www.europesays.com\/pt\/wp-json\/wp\/v2\/comments?post=205723"}],"version-history":[{"count":0,"href":"https:\/\/www.europesays.com\/pt\/wp-json\/wp\/v2\/posts\/205723\/revisions"}],"wp:featuredmedia":[{"embeddable":true,"href":"https:\/\/www.europesays.com\/pt\/wp-json\/wp\/v2\/media\/205724"}],"wp:attachment":[{"href":"https:\/\/www.europesays.com\/pt\/wp-json\/wp\/v2\/media?parent=205723"}],"wp:term":[{"taxonomy":"category","embeddable":true,"href":"https:\/\/www.europesays.com\/pt\/wp-json\/wp\/v2\/categories?post=205723"},{"taxonomy":"post_tag","embeddable":true,"href":"https:\/\/www.europesays.com\/pt\/wp-json\/wp\/v2\/tags?post=205723"}],"curies":[{"name":"wp","href":"https:\/\/api.w.org\/{rel}","templated":true}]}}