{"id":205725,"date":"2025-12-28T12:53:08","date_gmt":"2025-12-28T12:53:08","guid":{"rendered":"https:\/\/www.europesays.com\/pt\/205725\/"},"modified":"2025-12-28T12:53:08","modified_gmt":"2025-12-28T12:53:08","slug":"campeao-da-europa-esteve-perto-do-fc-porto-nao-entendo-como-nao-aconteceu","status":"publish","type":"post","link":"https:\/\/www.europesays.com\/pt\/205725\/","title":{"rendered":"Campe\u00e3o da Europa esteve perto do FC Porto: \u00abN\u00e3o entendo como n\u00e3o aconteceu\u00bb"},"content":{"rendered":"<p><a target=\"_blank\" class=\"editor-link autolink-enabled\" href=\"https:\/\/www.abola.pt\/futebol\/jogador\/ayoze-perez-1659\" data-resource-id=\"1659\" data-resource-type=\"player\" data-sport=\"football\" rel=\"nofollow noopener\">Ayoze<\/a> P\u00e9rez revelou que esteve muito perto de rumar ao <a target=\"_blank\" class=\"editor-link autolink-enabled\" href=\"https:\/\/www.abola.pt\/futebol\/fc-porto-451\" data-resource-id=\"451\" data-resource-type=\"team\" data-sport=\"football\" rel=\"nofollow noopener\">FC Porto<\/a> antes de iniciar a sua carreira em Inglaterra, na altura em que come\u00e7ava a dar nas vistas no futebol espanhol ao servi\u00e7o do <a target=\"_blank\" class=\"editor-link autolink-enabled\" href=\"https:\/\/www.abola.pt\/basquetebol\/isla-de-tenerife-canarias-4cRiQ1AZRxE1dheGesSHTd\" data-resource-id=\"97cd6a53-7d45-468a-a1b8-340a3d6df8f1\" data-resource-type=\"team\" data-sport=\"basketball\" rel=\"nofollow noopener\">Tenerife<\/a>. Em declara\u00e7\u00f5es ao programa La otra grada, o avan\u00e7ado espanhol recordou os v\u00e1rios caminhos que teve em cima da mesa e apontou a raz\u00e3o de escolher a <a target=\"_blank\" class=\"editor-link autolink-enabled\" href=\"https:\/\/www.abola.pt\/futebol\/competicao\/premier-league-3\" data-resource-id=\"3\" data-resource-type=\"competition\" data-sport=\"football\" rel=\"nofollow noopener\">Premier League<\/a>.<\/p>\n<p>\u00abRecebi propostas do <a class=\"autolink-enabled\" data-resource-id=\"204\" data-resource-type=\"team\" data-sport=\"football\" href=\"https:\/\/www.abola.pt\/futebol\/real-madrid-204\" rel=\"nofollow noopener\" target=\"_blank\">Real Madrid<\/a> Castilla e do Bar\u00e7a B, que eram muito tentadoras\u00bb, come\u00e7ou por dizer, antes de acrescentar que o seu futuro chegou mesmo a passar por negocia\u00e7\u00f5es avan\u00e7adas fora de Espanha. \u00abNegociei com o <a class=\"autolink-enabled\" data-resource-id=\"229\" data-resource-type=\"team\" data-sport=\"football\" href=\"https:\/\/www.abola.pt\/futebol\/borussia-mgladbach-229\" rel=\"nofollow noopener\" target=\"_blank\">Borussia<\/a> Monchengladbach e com o <a class=\"autolink-enabled\" data-resource-id=\"451\" data-resource-type=\"team\" data-sport=\"football\" href=\"https:\/\/www.abola.pt\/futebol\/fc-porto-451\" rel=\"nofollow noopener\" target=\"_blank\">FC Porto<\/a>, que estava quase fechado. N\u00e3o entendo como n\u00e3o aconteceu\u00bb, confessou.<\/p>\n<p>O desfecho acabaria por ser outro, j\u00e1 numa fase tardia do processo. \u00abNo final, apareceu o <a class=\"autolink-enabled\" data-resource-id=\"103\" data-resource-type=\"team\" data-sport=\"football\" href=\"https:\/\/www.abola.pt\/futebol\/newcastle-103\" rel=\"nofollow noopener\" target=\"_blank\">Newcastle<\/a>, foi o \u00faltimo a ligar. Disseram-me que ia diretamente para a equipa principal, que seria importante, e eu tinha o sonho de jogar na <a class=\"autolink-enabled\" data-resource-id=\"3\" data-resource-type=\"competition\" data-sport=\"football\" href=\"https:\/\/www.abola.pt\/futebol\/competicao\/premier-league-3\" rel=\"nofollow noopener\" target=\"_blank\">Premier League<\/a>. Foi isso que aconteceu\u00bb, explicou <a class=\"autolink-enabled\" data-resource-id=\"1659\" data-resource-type=\"player\" data-sport=\"football\" href=\"https:\/\/www.abola.pt\/futebol\/jogador\/ayoze-perez-1659\" rel=\"nofollow noopener\" target=\"_blank\">Ayoze<\/a>, sublinhando o peso que o campeonato ingl\u00eas teve na sua decis\u00e3o.<\/p>\n<p>A aposta revelou-se acertada. <a target=\"_blank\" class=\"editor-link autolink-enabled\" href=\"https:\/\/www.abola.pt\/futebol\/jogador\/ayoze-perez-1659\" data-resource-id=\"1659\" data-resource-type=\"player\" data-sport=\"football\" rel=\"nofollow noopener\">Ayoze<\/a> P\u00e9rez construiu uma carreira s\u00f3lida em Inglaterra, com passagens de destaque por <a target=\"_blank\" class=\"editor-link autolink-enabled\" href=\"https:\/\/www.abola.pt\/futebol\/newcastle-103\" data-resource-id=\"103\" data-resource-type=\"team\" data-sport=\"football\" rel=\"nofollow noopener\">Newcastle<\/a> e <a target=\"_blank\" class=\"editor-link autolink-enabled\" href=\"https:\/\/www.abola.pt\/futebol\/leicester-81\" data-resource-id=\"81\" data-resource-type=\"team\" data-sport=\"football\" rel=\"nofollow noopener\">Leicester<\/a>, clube ao servi\u00e7o do qual conquistou a <a target=\"_blank\" class=\"editor-link autolink-enabled\" href=\"https:\/\/www.abola.pt\/futebol\/competicao\/taca-de-inglaterra-75\" data-resource-id=\"75\" data-resource-type=\"competition\" data-sport=\"football\" rel=\"nofollow noopener\">Ta\u00e7a de Inglaterra<\/a> em 2021, al\u00e9m da Superta\u00e7a inglesa. Mais tarde, regressou a Espanha para representar o <a target=\"_blank\" class=\"editor-link autolink-enabled\" href=\"https:\/\/www.abola.pt\/futebol\/betis-215\" data-resource-id=\"215\" data-resource-type=\"team\" data-sport=\"football\" rel=\"nofollow noopener\">Betis<\/a> e est\u00e1 agora ao servi\u00e7o do <a target=\"_blank\" class=\"editor-link autolink-enabled\" href=\"https:\/\/www.abola.pt\/futebol\/villarreal-211\" data-resource-id=\"211\" data-resource-type=\"team\" data-sport=\"football\" rel=\"nofollow noopener\">Villarreal<\/a>. Internacional espanhol, Ayoze fez ainda parte da sele\u00e7\u00e3o que venceu o <a class=\"autolink-enabled\" data-resource-id=\"37\" data-resource-type=\"competition\" data-sport=\"football\" href=\"https:\/\/www.abola.pt\/futebol\/competicao\/euro-37\" rel=\"nofollow noopener\" target=\"_blank\">Euro<\/a> 2024.<\/p>\n","protected":false},"excerpt":{"rendered":"Ayoze P\u00e9rez revelou que esteve muito perto de rumar ao FC Porto antes de iniciar a sua carreira&hellip;\n","protected":false},"author":2,"featured_media":205726,"comment_status":"","ping_status":"","sticky":false,"template":"","format":"standard","meta":{"footnotes":""},"categories":[87],"tags":[135,32,33,134],"class_list":{"0":"post-205725","1":"post","2":"type-post","3":"status-publish","4":"format-standard","5":"has-post-thumbnail","7":"category-desporto","8":"tag-desporto","9":"tag-portugal","10":"tag-pt","11":"tag-sports"},"share_on_mastodon":{"url":"https:\/\/pubeurope.com\/@pt\/115797295465459075","error":""},"_links":{"self":[{"href":"https:\/\/www.europesays.com\/pt\/wp-json\/wp\/v2\/posts\/205725","targetHints":{"allow":["GET"]}}],"collection":[{"href":"https:\/\/www.europesays.com\/pt\/wp-json\/wp\/v2\/posts"}],"about":[{"href":"https:\/\/www.europesays.com\/pt\/wp-json\/wp\/v2\/types\/post"}],"author":[{"embeddable":true,"href":"https:\/\/www.europesays.com\/pt\/wp-json\/wp\/v2\/users\/2"}],"replies":[{"embeddable":true,"href":"https:\/\/www.europesays.com\/pt\/wp-json\/wp\/v2\/comments?post=205725"}],"version-history":[{"count":0,"href":"https:\/\/www.europesays.com\/pt\/wp-json\/wp\/v2\/posts\/205725\/revisions"}],"wp:featuredmedia":[{"embeddable":true,"href":"https:\/\/www.europesays.com\/pt\/wp-json\/wp\/v2\/media\/205726"}],"wp:attachment":[{"href":"https:\/\/www.europesays.com\/pt\/wp-json\/wp\/v2\/media?parent=205725"}],"wp:term":[{"taxonomy":"category","embeddable":true,"href":"https:\/\/www.europesays.com\/pt\/wp-json\/wp\/v2\/categories?post=205725"},{"taxonomy":"post_tag","embeddable":true,"href":"https:\/\/www.europesays.com\/pt\/wp-json\/wp\/v2\/tags?post=205725"}],"curies":[{"name":"wp","href":"https:\/\/api.w.org\/{rel}","templated":true}]}}