{"id":205730,"date":"2025-12-28T12:58:08","date_gmt":"2025-12-28T12:58:08","guid":{"rendered":"https:\/\/www.europesays.com\/pt\/205730\/"},"modified":"2025-12-28T12:58:08","modified_gmt":"2025-12-28T12:58:08","slug":"jovem-ocupa-deixa-autoridades-em-alerta","status":"publish","type":"post","link":"https:\/\/www.europesays.com\/pt\/205730\/","title":{"rendered":"jovem ocupa deixa autoridades em alerta"},"content":{"rendered":"<p>Um dos maiores receios de propriet\u00e1rios de im\u00f3veis \u00e9 a ocupa\u00e7\u00e3o ilegal das suas casas, sobretudo quando os processos de despejo s\u00e3o longos e a impunidade parece prevalecer. \u00c9 neste contexto que se destaca o caso de Marc M., um jovem de 22 anos que se tornou um dos ocupantes mais ativos da Catalunha, com mais de 200 im\u00f3veis ocupados nos \u00faltimos quatro anos, principalmente propriedades de bancos e fundos de investimento.<\/p>\n<p>Segundo a imprensa espanhola, Marc M. acumula 225 den\u00fancias e 31 deten\u00e7\u00f5es, mas todas resultam apenas em multas devido \u00e0 natureza leve dos crimes. O seu m\u00e9todo \u00e9 consistente: ocupa o im\u00f3vel e exige aos propriet\u00e1rios quantias que variam entre 500 e 5.000 euros para abandonar a resid\u00eancia. Na falta de pagamento, vende as chaves a fam\u00edlias vulner\u00e1veis, que acabam envolvidas em processos judiciais complexos.<\/p>\n<p>Um dos epis\u00f3dios mais recentes ocorreu em Arenys de Munt, onde o jovem chegou a exigir 17.000 euros por abandonar uma habita\u00e7\u00e3o equipada com alarme e devidamente trancada. Quando os propriet\u00e1rios recusaram o pagamento, Marc entregou a casa a outro ocupante, deixando provas da sua interven\u00e7\u00e3o. As autoridades, os Mossos d\u2019Esquadra, conseguiram posteriormente identificar a pessoa que recebeu as chaves.<\/p>\n<p>A impunidade de Marc M. deve-se, em parte, \u00e0 falta de centraliza\u00e7\u00e3o das den\u00fancias. Cada ocupa\u00e7\u00e3o \u00e9 tratada separadamente nos tribunais, impedindo que a justi\u00e7a avalie a extens\u00e3o total da sua atividade criminal. Apesar da exist\u00eancia, desde 2022, de uma agravante para a multirreincid\u00eancia, esta n\u00e3o se aplica aos delitos leves de usurpa\u00e7\u00e3o, resultando em san\u00e7\u00f5es exclusivamente econ\u00f3micas.<\/p>\n<p>Alguns munic\u00edpios, como Sant Boi de Llobregat, tentaram medidas espec\u00edficas, com ordens judiciais a proibir a entrada do jovem na localidade, depois de comprovado que se dedicava \u00e0 ocupa\u00e7\u00e3o como forma de vida. Contudo, Marc continuou a atuar noutras zonas da Catalunha, evidenciando a dificuldade das autoridades em travar o seu padr\u00e3o de a\u00e7\u00e3o.<\/p>\n<p>Mesmo com novas ordens de despejo e investiga\u00e7\u00f5es em curso, Marc mant\u00e9m-se ativo em ocupa\u00e7\u00f5es. Em Cardedeu, em julho, entrou por uma janela de um primeiro andar e amea\u00e7ou agentes quando tentaram intervir. O caso mais grave a seu cargo, envolvendo coa\u00e7\u00e3o e organiza\u00e7\u00e3o criminosa, \u00e9 investigado em Arenys de Mar, com julgamento marcado para janeiro de 2026. Enquanto isso, os agentes confirmam que novas ocupa\u00e7\u00f5es continuam a ocorrer, revelando a complexidade de conter a pr\u00e1tica sem uma resposta penal coordenada.<\/p>\n","protected":false},"excerpt":{"rendered":"Um dos maiores receios de propriet\u00e1rios de im\u00f3veis \u00e9 a ocupa\u00e7\u00e3o ilegal das suas casas, sobretudo quando os&hellip;\n","protected":false},"author":2,"featured_media":205731,"comment_status":"","ping_status":"","sticky":false,"template":"","format":"standard","meta":{"footnotes":""},"categories":[50],"tags":[27,28,15,16,14,25,26,21,22,62,12,13,19,20,23,24,17,18,29,30,31,63,64,65],"class_list":{"0":"post-205730","1":"post","2":"type-post","3":"status-publish","4":"format-standard","5":"has-post-thumbnail","7":"category-mundo","8":"tag-breaking-news","9":"tag-breakingnews","10":"tag-featured-news","11":"tag-featurednews","12":"tag-headlines","13":"tag-latest-news","14":"tag-latestnews","15":"tag-main-news","16":"tag-mainnews","17":"tag-mundo","18":"tag-news","19":"tag-noticias","20":"tag-noticias-principais","21":"tag-noticiasprincipais","22":"tag-principais-noticias","23":"tag-principaisnoticias","24":"tag-top-stories","25":"tag-topstories","26":"tag-ultimas","27":"tag-ultimas-noticias","28":"tag-ultimasnoticias","29":"tag-world","30":"tag-world-news","31":"tag-worldnews"},"share_on_mastodon":{"url":"https:\/\/pubeurope.com\/@pt\/115797314947516648","error":""},"_links":{"self":[{"href":"https:\/\/www.europesays.com\/pt\/wp-json\/wp\/v2\/posts\/205730","targetHints":{"allow":["GET"]}}],"collection":[{"href":"https:\/\/www.europesays.com\/pt\/wp-json\/wp\/v2\/posts"}],"about":[{"href":"https:\/\/www.europesays.com\/pt\/wp-json\/wp\/v2\/types\/post"}],"author":[{"embeddable":true,"href":"https:\/\/www.europesays.com\/pt\/wp-json\/wp\/v2\/users\/2"}],"replies":[{"embeddable":true,"href":"https:\/\/www.europesays.com\/pt\/wp-json\/wp\/v2\/comments?post=205730"}],"version-history":[{"count":0,"href":"https:\/\/www.europesays.com\/pt\/wp-json\/wp\/v2\/posts\/205730\/revisions"}],"wp:featuredmedia":[{"embeddable":true,"href":"https:\/\/www.europesays.com\/pt\/wp-json\/wp\/v2\/media\/205731"}],"wp:attachment":[{"href":"https:\/\/www.europesays.com\/pt\/wp-json\/wp\/v2\/media?parent=205730"}],"wp:term":[{"taxonomy":"category","embeddable":true,"href":"https:\/\/www.europesays.com\/pt\/wp-json\/wp\/v2\/categories?post=205730"},{"taxonomy":"post_tag","embeddable":true,"href":"https:\/\/www.europesays.com\/pt\/wp-json\/wp\/v2\/tags?post=205730"}],"curies":[{"name":"wp","href":"https:\/\/api.w.org\/{rel}","templated":true}]}}