{"id":205734,"date":"2025-12-28T13:01:58","date_gmt":"2025-12-28T13:01:58","guid":{"rendered":"https:\/\/www.europesays.com\/pt\/205734\/"},"modified":"2025-12-28T13:01:58","modified_gmt":"2025-12-28T13:01:58","slug":"mais-de-um-milhao-de-casas-sem-eletricidade-na-regiao-de-kiev-apos-ataques-russos","status":"publish","type":"post","link":"https:\/\/www.europesays.com\/pt\/205734\/","title":{"rendered":"Mais de um milh\u00e3o de casas sem eletricidade na regi\u00e3o de Kiev ap\u00f3s ataques russos"},"content":{"rendered":"<p><b>Acompanhe toda a atualidade informativa em\u00a0<\/b><a href=\"http:\/\/24noticias.sapo.pt\/\" rel=\"nofollow noopener\" target=\"_blank\"><b>24noticias.sapo.pt<\/b><\/a><\/p>\n<p>Em comunicado publicado na rede social Telegram, a empresa indicou que \u201co primeiro ataque deixou mais de 700 mil clientes sem energia na manh\u00e3 de s\u00e1bado, e outros 400 mil ficaram sem luz na regi\u00e3o em redor da capital\u201d, acrescentando que as equipas t\u00e9cnicas estavam no terreno a trabalhar para repor o fornecimento el\u00e9trico.<\/p>\n<p>Os bombardeamentos afetaram tamb\u00e9m o sistema de aquecimento urbano. O presidente da c\u00e2mara de Kiev, Vitali Klitschko, informou que \u201c2.600 edif\u00edcios de habita\u00e7\u00e3o, 187 creches, 138 escolas e 22 institui\u00e7\u00f5es sociais\u201d ficaram sem aquecimento na capital ucraniana.<\/p>\n<p>Ao in\u00edcio da noite de s\u00e1bado, cerca das 19h00 locais, a temperatura em Kiev rondava um grau positivo, com previs\u00f5es de descida para dois graus negativos nas horas seguintes, acompanhada de queda de neve, agravando a situa\u00e7\u00e3o da popula\u00e7\u00e3o afetada pelos cortes de energia e aquecimento.<\/p>\n<p>De acordo com informa\u00e7\u00f5es divulgadas pela Reuters, a R\u00fassia lan\u00e7ou dezenas de drones e m\u00edsseis contra Kiev durante a \u00faltima madrugada. Pelo menos uma pessoa morreu nos ataques, uma mulher de 47 anos.<\/p>\n<p>Durante o per\u00edodo de bombardeamentos, dezenas de residentes procuraram abrigo nas esta\u00e7\u00f5es de metro da cidade, enquanto o alerta de ataque a\u00e9reo permaneceu ativo durante cerca de quatro horas.<\/p>\n<p>Os ataques ocorreram na v\u00e9spera de novas desloca\u00e7\u00f5es internacionais do presidente ucraniano, Volodymyr Zelensky, que este fim de semana dever\u00e1 viajar para o Canad\u00e1 e para os Estados Unidos, com o objetivo de tentar concluir um acordo de paz que ponha fim ao conflito.<\/p>\n<p>__<\/p>\n<p><b>A sua newsletter de sempre, agora ainda mais \u00fatil<\/b><\/p>\n<p>Com o lan\u00e7amento da nova marca de informa\u00e7\u00e3o\u00a0<b>24not\u00edcias<\/b>, estamos a mudar a plataforma de newsletters, aproveitando para refor\u00e7ar a informa\u00e7\u00e3o que os leitores mais valorizam:\u00a0<b>a que lhes \u00e9 \u00fatil, ajuda a tomar decis\u00f5es e a entender o mundo.<\/b><\/p>\n<p><b>Assine a nova newsletter do 24not\u00edcias\u00a0<\/b><a href=\"https:\/\/sapo.us1.list-manage.com\/subscribe?u=8f49263740b14ab5854be8045&amp;id=57a39c5e8f\" rel=\"nofollow noopener\" target=\"_blank\"><b>aqui<\/b><\/a><b>.<\/b><\/p>\n","protected":false},"excerpt":{"rendered":"Acompanhe toda a atualidade informativa em\u00a024noticias.sapo.pt Em comunicado publicado na rede social Telegram, a empresa indicou que \u201co&hellip;\n","protected":false},"author":2,"featured_media":205735,"comment_status":"","ping_status":"","sticky":false,"template":"","format":"standard","meta":{"footnotes":""},"categories":[8],"tags":[27,28,15,16,14,25,26,21,22,12,13,19,20,32,23,24,33,17,18,29,30,31],"class_list":{"0":"post-205734","1":"post","2":"type-post","3":"status-publish","4":"format-standard","5":"has-post-thumbnail","7":"category-principais-noticias","8":"tag-breaking-news","9":"tag-breakingnews","10":"tag-featured-news","11":"tag-featurednews","12":"tag-headlines","13":"tag-latest-news","14":"tag-latestnews","15":"tag-main-news","16":"tag-mainnews","17":"tag-news","18":"tag-noticias","19":"tag-noticias-principais","20":"tag-noticiasprincipais","21":"tag-portugal","22":"tag-principais-noticias","23":"tag-principaisnoticias","24":"tag-pt","25":"tag-top-stories","26":"tag-topstories","27":"tag-ultimas","28":"tag-ultimas-noticias","29":"tag-ultimasnoticias"},"share_on_mastodon":{"url":"https:\/\/pubeurope.com\/@pt\/115797330806232215","error":""},"_links":{"self":[{"href":"https:\/\/www.europesays.com\/pt\/wp-json\/wp\/v2\/posts\/205734","targetHints":{"allow":["GET"]}}],"collection":[{"href":"https:\/\/www.europesays.com\/pt\/wp-json\/wp\/v2\/posts"}],"about":[{"href":"https:\/\/www.europesays.com\/pt\/wp-json\/wp\/v2\/types\/post"}],"author":[{"embeddable":true,"href":"https:\/\/www.europesays.com\/pt\/wp-json\/wp\/v2\/users\/2"}],"replies":[{"embeddable":true,"href":"https:\/\/www.europesays.com\/pt\/wp-json\/wp\/v2\/comments?post=205734"}],"version-history":[{"count":0,"href":"https:\/\/www.europesays.com\/pt\/wp-json\/wp\/v2\/posts\/205734\/revisions"}],"wp:featuredmedia":[{"embeddable":true,"href":"https:\/\/www.europesays.com\/pt\/wp-json\/wp\/v2\/media\/205735"}],"wp:attachment":[{"href":"https:\/\/www.europesays.com\/pt\/wp-json\/wp\/v2\/media?parent=205734"}],"wp:term":[{"taxonomy":"category","embeddable":true,"href":"https:\/\/www.europesays.com\/pt\/wp-json\/wp\/v2\/categories?post=205734"},{"taxonomy":"post_tag","embeddable":true,"href":"https:\/\/www.europesays.com\/pt\/wp-json\/wp\/v2\/tags?post=205734"}],"curies":[{"name":"wp","href":"https:\/\/api.w.org\/{rel}","templated":true}]}}