{"id":205736,"date":"2025-12-28T13:03:08","date_gmt":"2025-12-28T13:03:08","guid":{"rendered":"https:\/\/www.europesays.com\/pt\/205736\/"},"modified":"2025-12-28T13:03:08","modified_gmt":"2025-12-28T13:03:08","slug":"longe-das-novelas-bruna-marquezine-brilha-em-filmes-e-series","status":"publish","type":"post","link":"https:\/\/www.europesays.com\/pt\/205736\/","title":{"rendered":"Longe das novelas, Bruna Marquezine brilha em filmes e s\u00e9ries"},"content":{"rendered":"<p>N\u00e3o d\u00e1 para cravar que Bruna Marquezine n\u00e3o voltar\u00e1 nunca mais \u00e0s novelas da Globo, onde praticamente nasceu e participou de v\u00e1rias produ\u00e7\u00f5es.<\/p>\n<p>Por\u00e9m, ap\u00f3s \u201cDeus Salve o Rei\u201d, em 2018, seu \u00faltimo trabalho na emissora, ela passou a priorizar a vida fora da televis\u00e3o.<\/p>\n<p>Com um novo direcionamento de carreira, fez trabalhos como \u201cBesouro Azul\u201d, nos Estados Unidos, ao lado de Xolo Maridue\u00f1a, al\u00e9m de se consolidar como uma personalidade sempre muito requisitada.<\/p>\n<p>Entre as pr\u00f3ximas novidades, anunciadas para 2026, est\u00e3o \u201cV\u00e9spera\u201d, na HBO Max, e \u201cAmor da Minha Vida \u2013 Parte 2\u201d, produ\u00e7\u00e3o da Disney, al\u00e9m do longa \u201cVelhos Bandidos\u201d.<\/p>\n","protected":false},"excerpt":{"rendered":"N\u00e3o d\u00e1 para cravar que Bruna Marquezine n\u00e3o voltar\u00e1 nunca mais \u00e0s novelas da Globo, onde praticamente nasceu&hellip;\n","protected":false},"author":2,"featured_media":205737,"comment_status":"","ping_status":"","sticky":false,"template":"","format":"standard","meta":{"footnotes":""},"categories":[145],"tags":[211,210,114,115,32,33],"class_list":{"0":"post-205736","1":"post","2":"type-post","3":"status-publish","4":"format-standard","5":"has-post-thumbnail","7":"category-celebridades","8":"tag-celebridades","9":"tag-celebrities","10":"tag-entertainment","11":"tag-entretenimento","12":"tag-portugal","13":"tag-pt"},"share_on_mastodon":{"url":"https:\/\/pubeurope.com\/@pt\/115797334631888780","error":""},"_links":{"self":[{"href":"https:\/\/www.europesays.com\/pt\/wp-json\/wp\/v2\/posts\/205736","targetHints":{"allow":["GET"]}}],"collection":[{"href":"https:\/\/www.europesays.com\/pt\/wp-json\/wp\/v2\/posts"}],"about":[{"href":"https:\/\/www.europesays.com\/pt\/wp-json\/wp\/v2\/types\/post"}],"author":[{"embeddable":true,"href":"https:\/\/www.europesays.com\/pt\/wp-json\/wp\/v2\/users\/2"}],"replies":[{"embeddable":true,"href":"https:\/\/www.europesays.com\/pt\/wp-json\/wp\/v2\/comments?post=205736"}],"version-history":[{"count":0,"href":"https:\/\/www.europesays.com\/pt\/wp-json\/wp\/v2\/posts\/205736\/revisions"}],"wp:featuredmedia":[{"embeddable":true,"href":"https:\/\/www.europesays.com\/pt\/wp-json\/wp\/v2\/media\/205737"}],"wp:attachment":[{"href":"https:\/\/www.europesays.com\/pt\/wp-json\/wp\/v2\/media?parent=205736"}],"wp:term":[{"taxonomy":"category","embeddable":true,"href":"https:\/\/www.europesays.com\/pt\/wp-json\/wp\/v2\/categories?post=205736"},{"taxonomy":"post_tag","embeddable":true,"href":"https:\/\/www.europesays.com\/pt\/wp-json\/wp\/v2\/tags?post=205736"}],"curies":[{"name":"wp","href":"https:\/\/api.w.org\/{rel}","templated":true}]}}