{"id":205738,"date":"2025-12-28T13:07:01","date_gmt":"2025-12-28T13:07:01","guid":{"rendered":"https:\/\/www.europesays.com\/pt\/205738\/"},"modified":"2025-12-28T13:07:01","modified_gmt":"2025-12-28T13:07:01","slug":"morreu-pat-finn-atr-de-friends-e-seinfeld","status":"publish","type":"post","link":"https:\/\/www.europesays.com\/pt\/205738\/","title":{"rendered":"Morreu Pat Finn, atr de &#8216;Friends&#8217; e &#8216;Seinfeld&#8217;"},"content":{"rendered":"<p>Pat Finn, ator e humorista norte-americano, morreu segunda-feira, 22 de Dezembro, aos 60 anos, na sua casa em Los Angeles, nos Estados Unidos. A informa\u00e7\u00e3o foi confirmada pela fam\u00edlia, que revelou que o actor lutava contra um cancro desde 2022.<\/p>\n<p>\u201cO Pat nunca conheceu um estranho \u2014 apenas amigos que ainda n\u00e3o conhecia. [\u2026] Viveu a sua vida plenamente &#8211; com alegria e exuber\u00e2ncia\u201d. No mesmo texto, sublinharam o impacto que teve como mentor, destacando que \u201ctreinou e orientou in\u00fameros alunos ao longo dos anos\u201d.<\/p>\n<p>Pat Finn participou em s\u00e9ries de grande sucesso como Friends, Seinfeld e The Middle construindo uma carreira marcada por pap\u00e9is secund\u00e1rios, mas memor\u00e1veis. Foi tamb\u00e9m professor de representa\u00e7\u00e3o e comediante, sendo reconhecido pelo contributo para a forma\u00e7\u00e3o de novas gera\u00e7\u00f5es de actores.<\/p>\n","protected":false},"excerpt":{"rendered":"Pat Finn, ator e humorista norte-americano, morreu segunda-feira, 22 de Dezembro, aos 60 anos, na sua casa em&hellip;\n","protected":false},"author":2,"featured_media":205739,"comment_status":"","ping_status":"","sticky":false,"template":"","format":"standard","meta":{"footnotes":""},"categories":[142],"tags":[114,115,32,33,151],"class_list":{"0":"post-205738","1":"post","2":"type-post","3":"status-publish","4":"format-standard","5":"has-post-thumbnail","7":"category-tv","8":"tag-entertainment","9":"tag-entretenimento","10":"tag-portugal","11":"tag-pt","12":"tag-tv"},"share_on_mastodon":{"url":"https:\/\/pubeurope.com\/@pt\/115797350324554708","error":""},"_links":{"self":[{"href":"https:\/\/www.europesays.com\/pt\/wp-json\/wp\/v2\/posts\/205738","targetHints":{"allow":["GET"]}}],"collection":[{"href":"https:\/\/www.europesays.com\/pt\/wp-json\/wp\/v2\/posts"}],"about":[{"href":"https:\/\/www.europesays.com\/pt\/wp-json\/wp\/v2\/types\/post"}],"author":[{"embeddable":true,"href":"https:\/\/www.europesays.com\/pt\/wp-json\/wp\/v2\/users\/2"}],"replies":[{"embeddable":true,"href":"https:\/\/www.europesays.com\/pt\/wp-json\/wp\/v2\/comments?post=205738"}],"version-history":[{"count":0,"href":"https:\/\/www.europesays.com\/pt\/wp-json\/wp\/v2\/posts\/205738\/revisions"}],"wp:featuredmedia":[{"embeddable":true,"href":"https:\/\/www.europesays.com\/pt\/wp-json\/wp\/v2\/media\/205739"}],"wp:attachment":[{"href":"https:\/\/www.europesays.com\/pt\/wp-json\/wp\/v2\/media?parent=205738"}],"wp:term":[{"taxonomy":"category","embeddable":true,"href":"https:\/\/www.europesays.com\/pt\/wp-json\/wp\/v2\/categories?post=205738"},{"taxonomy":"post_tag","embeddable":true,"href":"https:\/\/www.europesays.com\/pt\/wp-json\/wp\/v2\/tags?post=205738"}],"curies":[{"name":"wp","href":"https:\/\/api.w.org\/{rel}","templated":true}]}}