{"id":205742,"date":"2025-12-28T13:11:08","date_gmt":"2025-12-28T13:11:08","guid":{"rendered":"https:\/\/www.europesays.com\/pt\/205742\/"},"modified":"2025-12-28T13:11:08","modified_gmt":"2025-12-28T13:11:08","slug":"os-efeitos-do-suco-de-laranja-na-saude-se-tomado-todos-os-dias-segundo-pesquisa-da-usp","status":"publish","type":"post","link":"https:\/\/www.europesays.com\/pt\/205742\/","title":{"rendered":"Os efeitos do suco de laranja na sa\u00fade se tomado todos os dias, segundo pesquisa da USP"},"content":{"rendered":"<p>\t\t<a href=\"http:\/\/www.facebook.com\/sharer\/sharer.php?u=https:\/\/www.diariodocentrodomundo.com.br\/essencial\/os-efeitos-do-suco-de-laranja-na-saude-se-tomado-todos-os-dias-segundo-pesquisa-da-usp\/\" target=\"_blank\" class=\"facebook-share\" rel=\"nofollow noopener\"><\/a><br \/>\n\t\t<a href=\"https:\/\/twitter.com\/share?url=https:\/\/www.diariodocentrodomundo.com.br\/essencial\/os-efeitos-do-suco-de-laranja-na-saude-se-tomado-todos-os-dias-segundo-pesquisa-da-usp\/\" target=\"_blank\" class=\"twitter-share\" rel=\"nofollow noopener\"><\/a><br \/>\n\t\t<a href=\"#\" class=\"whatsapp-share\" data-url=\"https:\/\/www.diariodocentrodomundo.com.br\/essencial\/os-efeitos-do-suco-de-laranja-na-saude-se-tomado-todos-os-dias-segundo-pesquisa-da-usp\/\" data-title=\"Os efeitos do suco de laranja na sa\u00fade se tomado todos os dias, segundo pesquisa da USP\"><\/a><br \/>\n\t<a href=\"https:\/\/www.linkedin.com\/sharing\/share-offsite\/?url=https:\/\/www.diariodocentrodomundo.com.br\/essencial\/os-efeitos-do-suco-de-laranja-na-saude-se-tomado-todos-os-dias-segundo-pesquisa-da-usp\/\" target=\"_blank\" class=\"linkedin-share\" rel=\"nofollow noopener\"><\/a><br \/>\n   <a href=\"https:\/\/www.threads.net\/intent\/post?text=Os+efeitos+do+suco+de+laranja+na+sa%C3%BAde+se+tomado+todos+os+dias%2C+segundo+pesquisa+da+USP&amp;url=https%3A%2F%2Fwww.diariodocentrodomundo.com.br%2Fessencial%2Fos-efeitos-do-suco-de-laranja-na-saude-se-tomado-todos-os-dias-segundo-pesquisa-da-usp%2F\" target=\"_blank\" class=\"threads-share\" rel=\"nofollow noopener\"><img decoding=\"async\" class=\"threads-icon perfmatters-lazy\" src=\"https:\/\/www.diariodocentrodomundo.com.br\/wp-content\/themes\/Newsmag\/images\/icons\/threads.svg\"\/><\/a> <\/p>\n<p>            <img fetchpriority=\"high\" decoding=\"async\" class=\"wp-image-1525247 size-full\" src=\"https:\/\/www.europesays.com\/pt\/wp-content\/uploads\/2025\/12\/design-sem-nome-24.webp.webp\" alt=\"\" width=\"1200\" height=\"630\"  \/>Suco de laranja. Foto: Reprodu\u00e7\u00e3o<\/p>\n<p>Um estudo brasileiro indica que o consumo di\u00e1rio de suco de laranja pode trazer benef\u00edcios relevantes \u00e0 sa\u00fade cardiovascular. A pesquisa, publicada no peri\u00f3dico Molecular Nutrition &amp; Food Research, foi conduzida por pesquisadores do Centro de Pesquisas em Alimentos da USP, ligado \u00e0 Universidade de S\u00e3o Paulo, em parceria com a North Carolina State University, e contou com apoio da Fapesp. O trabalho acompanhou 85 adultos que consumiram 500 ml de suco de laranja pasteurizado por dia, durante dois meses. As informa\u00e7\u00f5es s\u00e3o do Estad\u00e3o.<\/p>\n<p>Ao longo do per\u00edodo, os volunt\u00e1rios passaram por exames cl\u00ednicos e laboratoriais que avaliaram press\u00e3o arterial, colesterol, glicemia, marcadores inflamat\u00f3rios e gordura corporal. Os resultados apontaram melhora em todos esses indicadores. Segundo os pesquisadores, compostos presentes na laranja contribu\u00edram para a elasticidade dos vasos sangu\u00edneos e para a redu\u00e7\u00e3o de processos inflamat\u00f3rios, com impacto direto no controle da press\u00e3o arterial e na sa\u00fade do sistema cardiovascular.<\/p>\n<p>Al\u00e9m da vitamina C, o suco de laranja concentra flavonoides como a hesperidina, associada \u00e0 melhora da fun\u00e7\u00e3o endotelial, e a narirutina, de a\u00e7\u00e3o antioxidante. Especialistas ressaltam que o consumo deve ocorrer dentro de um padr\u00e3o alimentar equilibrado, sem adi\u00e7\u00e3o de a\u00e7\u00facar e, sempre que poss\u00edvel, sem coar o suco, para preservar fibras. O estudo destaca que os efeitos positivos observados dependem da combina\u00e7\u00e3o com h\u00e1bitos saud\u00e1veis, como atividade f\u00edsica regular, sono adequado e alimenta\u00e7\u00e3o balanceada.<\/p>\n<p>        <script async src=\"https:\/\/platform.twitter.com\/widgets.js\" charset=\"utf-8\"><\/script><\/p>\n","protected":false},"excerpt":{"rendered":"Suco de laranja. Foto: Reprodu\u00e7\u00e3o Um estudo brasileiro indica que o consumo di\u00e1rio de suco de laranja pode&hellip;\n","protected":false},"author":2,"featured_media":205743,"comment_status":"","ping_status":"","sticky":false,"template":"","format":"standard","meta":{"footnotes":""},"categories":[86],"tags":[116,32,33,117],"class_list":{"0":"post-205742","1":"post","2":"type-post","3":"status-publish","4":"format-standard","5":"has-post-thumbnail","7":"category-saude","8":"tag-health","9":"tag-portugal","10":"tag-pt","11":"tag-saude"},"share_on_mastodon":{"url":"","error":""},"_links":{"self":[{"href":"https:\/\/www.europesays.com\/pt\/wp-json\/wp\/v2\/posts\/205742","targetHints":{"allow":["GET"]}}],"collection":[{"href":"https:\/\/www.europesays.com\/pt\/wp-json\/wp\/v2\/posts"}],"about":[{"href":"https:\/\/www.europesays.com\/pt\/wp-json\/wp\/v2\/types\/post"}],"author":[{"embeddable":true,"href":"https:\/\/www.europesays.com\/pt\/wp-json\/wp\/v2\/users\/2"}],"replies":[{"embeddable":true,"href":"https:\/\/www.europesays.com\/pt\/wp-json\/wp\/v2\/comments?post=205742"}],"version-history":[{"count":0,"href":"https:\/\/www.europesays.com\/pt\/wp-json\/wp\/v2\/posts\/205742\/revisions"}],"wp:featuredmedia":[{"embeddable":true,"href":"https:\/\/www.europesays.com\/pt\/wp-json\/wp\/v2\/media\/205743"}],"wp:attachment":[{"href":"https:\/\/www.europesays.com\/pt\/wp-json\/wp\/v2\/media?parent=205742"}],"wp:term":[{"taxonomy":"category","embeddable":true,"href":"https:\/\/www.europesays.com\/pt\/wp-json\/wp\/v2\/categories?post=205742"},{"taxonomy":"post_tag","embeddable":true,"href":"https:\/\/www.europesays.com\/pt\/wp-json\/wp\/v2\/tags?post=205742"}],"curies":[{"name":"wp","href":"https:\/\/api.w.org\/{rel}","templated":true}]}}