{"id":205746,"date":"2025-12-29T07:36:10","date_gmt":"2025-12-29T07:36:10","guid":{"rendered":"https:\/\/www.europesays.com\/pt\/205746\/"},"modified":"2025-12-29T07:36:10","modified_gmt":"2025-12-29T07:36:10","slug":"quem-chegou-a-meta-estes-sao-os-quatro-finalistas-do-secret-story-9-secret-story","status":"publish","type":"post","link":"https:\/\/www.europesays.com\/pt\/205746\/","title":{"rendered":"Quem chegou \u00e0 meta? Estes s\u00e3o os quatro finalistas do Secret Story 9 &#8211; Secret Story"},"content":{"rendered":"<p data-end=\"754\" data-start=\"482\">Hoje, os f\u00e3s da Casa dos Segredos 9 assistiram a uma gala intensa, repleta de surpresas e momentos de pura emo\u00e7\u00e3o. A Voz premiou a melhor miss\u00e3o da semana e revelou o concorrente mais ciumento da edi\u00e7\u00e3o, gerando tens\u00e3o e rea\u00e7\u00f5es inesperadas dentro da casa.<\/p>\n<p data-end=\"1048\" data-start=\"756\">A m\u00fasica tamb\u00e9m marcou presen\u00e7a: Jorge Guerreiro subiu ao palco e conseguiu p\u00f4r todos em p\u00e9, mostrando que a festa da semi-final n\u00e3o se resumia apenas \u00e0s nomea\u00e7\u00f5es e revela\u00e7\u00f5es. Nuno Ribeiro encantou com a sua performance, provando que talento e emo\u00e7\u00e3o andam de m\u00e3os dadas nesta reta final.<\/p>\n<p data-end=\"1269\" data-start=\"1050\">Os nomeados tiveram ainda a oportunidade de receber mensagens de ex-concorrentes. Algumas eram de apoio, outras nem tanto, e cada rea\u00e7\u00e3o trouxe \u00e0 tona sentimentos e conflitos antigos, refor\u00e7ando a intensidade do jogo.<\/p>\n<p data-end=\"1552\" data-start=\"1309\">No fim da noite, os quatro finalistas da Casa dos Segredos 9 ficaram finalmente definidos. J\u00e1 sab\u00edamos que <strong>Liliana e Marisa<\/strong> garantiram o seu lugar na grande final, e os outros dois finalistas s\u00e3o <strong>In\u00eas e Pedro Jorge<\/strong>.<\/p>\n<p data-end=\"1680\" data-start=\"1554\">O concorrente expulso da semi-final, que viu o sonho da vit\u00f3ria escapar nos \u00faltimos momentos do jogo, foi <strong>Leandro<\/strong>.<\/p>\n","protected":false},"excerpt":{"rendered":"Hoje, os f\u00e3s da Casa dos Segredos 9 assistiram a uma gala intensa, repleta de surpresas e momentos&hellip;\n","protected":false},"author":2,"featured_media":205747,"comment_status":"","ping_status":"","sticky":false,"template":"","format":"standard","meta":{"footnotes":""},"categories":[85],"tags":[8113,2632,329,333,328,335,336,114,115,334,330,15353,12397,1326,338,19019,13,21416,32,33,1315,8174,162,19020,227],"class_list":{"0":"post-205746","1":"post","2":"type-post","3":"status-publish","4":"format-standard","5":"has-post-thumbnail","7":"category-entretenimento","8":"tag-alice-alves","9":"tag-casa-dos-segredos","10":"tag-claudio-ramos","11":"tag-comentadores","12":"tag-concorrentes","13":"tag-confrontos","14":"tag-discussoes","15":"tag-entertainment","16":"tag-entretenimento","17":"tag-exclusivos","18":"tag-gala","19":"tag-ines","20":"tag-leandro","21":"tag-mafalda-castro","22":"tag-maria-botelho-moniz","23":"tag-marta-cardoso","24":"tag-noticias","25":"tag-pedro-jorge","26":"tag-portugal","27":"tag-pt","28":"tag-secret-story","29":"tag-segredos","30":"tag-tvi","31":"tag-video-do-dia","32":"tag-videos"},"share_on_mastodon":{"url":"https:\/\/pubeurope.com\/@pt\/115801711498074652","error":""},"_links":{"self":[{"href":"https:\/\/www.europesays.com\/pt\/wp-json\/wp\/v2\/posts\/205746","targetHints":{"allow":["GET"]}}],"collection":[{"href":"https:\/\/www.europesays.com\/pt\/wp-json\/wp\/v2\/posts"}],"about":[{"href":"https:\/\/www.europesays.com\/pt\/wp-json\/wp\/v2\/types\/post"}],"author":[{"embeddable":true,"href":"https:\/\/www.europesays.com\/pt\/wp-json\/wp\/v2\/users\/2"}],"replies":[{"embeddable":true,"href":"https:\/\/www.europesays.com\/pt\/wp-json\/wp\/v2\/comments?post=205746"}],"version-history":[{"count":0,"href":"https:\/\/www.europesays.com\/pt\/wp-json\/wp\/v2\/posts\/205746\/revisions"}],"wp:featuredmedia":[{"embeddable":true,"href":"https:\/\/www.europesays.com\/pt\/wp-json\/wp\/v2\/media\/205747"}],"wp:attachment":[{"href":"https:\/\/www.europesays.com\/pt\/wp-json\/wp\/v2\/media?parent=205746"}],"wp:term":[{"taxonomy":"category","embeddable":true,"href":"https:\/\/www.europesays.com\/pt\/wp-json\/wp\/v2\/categories?post=205746"},{"taxonomy":"post_tag","embeddable":true,"href":"https:\/\/www.europesays.com\/pt\/wp-json\/wp\/v2\/tags?post=205746"}],"curies":[{"name":"wp","href":"https:\/\/api.w.org\/{rel}","templated":true}]}}