{"id":205760,"date":"2025-12-29T07:43:11","date_gmt":"2025-12-29T07:43:11","guid":{"rendered":"https:\/\/www.europesays.com\/pt\/205760\/"},"modified":"2025-12-29T07:43:11","modified_gmt":"2025-12-29T07:43:11","slug":"avenida-das-orquideas-ganha-monumento-do-escultor-mogiano-rodrigo-bittencourt","status":"publish","type":"post","link":"https:\/\/www.europesays.com\/pt\/205760\/","title":{"rendered":"Avenida das Orqu\u00eddeas ganha monumento do escultor mogiano Rodrigo Bittencourt"},"content":{"rendered":"<p>\t\t\t&#13;<\/p>\n<p><a href=\"https:\/\/noticiasdemogi.com.br\/mogi-das-cruzes\" rel=\"nofollow noopener\" target=\"_blank\">Mogi das Cruzes<\/a> fecha o ano de 2025 com um novo marco urbano que celebra sua hist\u00f3ria, cultura e identidade. Um portal monumental passa a integrar a paisagem da cidade como presente \u00e0 popula\u00e7\u00e3o neste per\u00edodo de encerramento de ano e celebra\u00e7\u00e3o. A obra \u00e9 assinada pelo escultor mogiano Rodrigo Bittencourt e come\u00e7ou a ser instalada em 1\u00ba de setembro, data do anivers\u00e1rio do munic\u00edpio.<\/p>\n<p>&#13;<\/p>\n<p>Confeccionado inteiramente em a\u00e7o inox, o \u2018Portal de Mogi das Cruzes\u2019 \u00e9 o maior projeto j\u00e1 realizado pelo artista na cidade. O monumento possui mais de 20 metros de largura e sete metros de altura e est\u00e1 instalado na Avenida das Orqu\u00eddeas (Avenida Comendador Fumio Horii). Al\u00e9m do letreiro com o nome do munic\u00edpio, a estrutura re\u00fane seis esculturas integradas que representam elementos marcantes da identidade mogiana.<\/p>\n<p>Entre os s\u00edmbolos retratados est\u00e3o a <a href=\"https:\/\/noticiasdemogi.com.br\/tag\/serra-do-itapeti\" rel=\"nofollow noopener\" target=\"_blank\">Serra do Itapeti<\/a> com a Cruz do S\u00e9culo, o Polo Industrial, o Torii que representa a forte presen\u00e7a da comunidade nip\u00f4nica, a Educa\u00e7\u00e3o, o Voo de Parapente em refer\u00eancia ao <a href=\"https:\/\/noticiasdemogi.com.br\/tag\/pico-do-urubu\" rel=\"nofollow noopener\" target=\"_blank\">Pico do Urubu<\/a> e a tradicional <a href=\"https:\/\/noticiasdemogi.com.br\/tag\/festa-do-divino\" rel=\"nofollow noopener\" target=\"_blank\">Festa do Divino Esp\u00edrito Santo<\/a>.<\/p>\n<p>Para o artista, o monumento refor\u00e7a a import\u00e2ncia da arte nos espa\u00e7os p\u00fablicos. \u201cQuando colocamos um monumento em um espa\u00e7o aberto, democratizamos a arte e a tornamos acess\u00edvel para todas as pessoas. \u00c9 uma escultura feita para permanecer por muitos anos, pela durabilidade do a\u00e7o inox, e que representa a identidade de Mogi\u201d, afirma Rodrigo Bittencourt.<\/p>\n<p>O projeto \u00e9 uma realiza\u00e7\u00e3o do <a href=\"https:\/\/noticiasdemogi.com.br\/tag\/governo-de-sp\" rel=\"nofollow noopener\" target=\"_blank\">Governo de SP<\/a>, por meio da Secretaria da Cultura, Economia e Ind\u00fastria Criativa, com apoio das empresas Rinnai, H\u00f6gan\u00e4s e Hud, e produ\u00e7\u00e3o de Roberta Regato. Como apoio complementar, a empresa Fact Loca\u00e7\u00e3o de Equipamentos, por meio do projeto Adote uma Pra\u00e7a, da <a href=\"https:\/\/noticiasdemogi.com.br\/tag\/prefeitura-de-mogi-das-cruzes\" rel=\"nofollow noopener\" target=\"_blank\">Prefeitura de Mogi das Cruzes<\/a>, assumiu o paisagismo do entorno da obra.<\/p>\n<p>Sobre o artista<\/p>\n<p>Seguindo os passos do pai, o escultor Lucio Bittencourt, mas com estilo pr\u00f3prio, Rodrigo Bittencourt se especializou na cria\u00e7\u00e3o de esculturas monumentais que materializam a identidade cultural dos locais onde s\u00e3o instaladas. Atualmente, ele soma mais de 30 monumentos instalados no Estado de S\u00e3o Paulo e um em Goi\u00e1s.<\/p>\n<p>Em Mogi das Cruzes, o novo portal \u00e9 o d\u00e9cimo monumento do artista, sendo quatro deles viabilizados pelo ProAC (Programa de A\u00e7\u00e3o Cultural). A cidade j\u00e1 conta com esculturas como \u2018Cavalo Alado\u2019, \u2018\u00cdndio\u2019, \u2018M\u00e3o Divina\u2019, \u2018Basquete\u2019, \u2018Orqu\u00eddea\u2019, \u2018Siderurgia Mogiana\u2019, \u2018Rosa\u2019, \u2018Caminh\u00e3o J\u00falio Sim\u00f5es\u2019 e \u2018Associa\u00e7\u00e3o Comercial\u2019.<\/p>\n<p>  &#13;<br \/>\n    <img decoding=\"async\" src=\"https:\/\/www.europesays.com\/pt\/wp-content\/uploads\/2025\/09\/whatsapp-logo-whatsapp-logo-transparent-whatsapp-icon-transparent-free-free-png-1-e1718325855667.web.webp\" class=\"img-left\" alt=\"WhatsApp Logo\"\/>&#13;<br \/>\n\tEntre em nosso <a href=\"https:\/\/chat.whatsapp.com\/H013W8W8GdNBH4emMq1YqQ\" target=\"_blank\" rel=\"noopener nofollow\"><b>Grupo no WhatsApp<\/b><\/a> e receba not\u00edcias da cidade no seu celular!<\/p>\n<p>Fique ainda mais perto das not\u00edcias de sua cidade seguindo o Not\u00edcias de Mogi no <strong><a href=\"https:\/\/www.instagram.com\/noticiasdemogi\" target=\"_blank\" rel=\"noopener nofollow\">Instagram<\/a><\/strong> e no <strong><a href=\"https:\/\/news.google.com\/publications\/CAAqMggKIixDQklTR3dnTWFoY0tGVzV2ZEdsamFXRnpaR1Z0YjJkcExtTnZiUzVpY2lnQVAB?hl=pt-BR&amp;gl=BR&amp;ceid=BR%3Apt-419\" target=\"_blank\" rel=\"noopener nofollow\">Google Not\u00edcias<\/a><\/strong><\/p>\n<p>\t\t<script async src=\"\/\/www.instagram.com\/embed.js\"><\/script><\/p>\n","protected":false},"excerpt":{"rendered":"&#13; Mogi das Cruzes fecha o ano de 2025 com um novo marco urbano que celebra sua hist\u00f3ria,&hellip;\n","protected":false},"author":2,"featured_media":205761,"comment_status":"","ping_status":"","sticky":false,"template":"","format":"standard","meta":{"footnotes":""},"categories":[144],"tags":[207,205,206,203,201,202,40600,204,114,115,32,33],"class_list":{"0":"post-205760","1":"post","2":"type-post","3":"status-publish","4":"format-standard","5":"has-post-thumbnail","7":"category-arte-e-design","8":"tag-arte","9":"tag-arte-e-design","10":"tag-artedesign","11":"tag-arts","12":"tag-arts-and-design","13":"tag-artsanddesign","14":"tag-avenida-das-orquu00eddeas","15":"tag-design","16":"tag-entertainment","17":"tag-entretenimento","18":"tag-portugal","19":"tag-pt"},"share_on_mastodon":{"url":"https:\/\/pubeurope.com\/@pt\/115801738634092939","error":""},"_links":{"self":[{"href":"https:\/\/www.europesays.com\/pt\/wp-json\/wp\/v2\/posts\/205760","targetHints":{"allow":["GET"]}}],"collection":[{"href":"https:\/\/www.europesays.com\/pt\/wp-json\/wp\/v2\/posts"}],"about":[{"href":"https:\/\/www.europesays.com\/pt\/wp-json\/wp\/v2\/types\/post"}],"author":[{"embeddable":true,"href":"https:\/\/www.europesays.com\/pt\/wp-json\/wp\/v2\/users\/2"}],"replies":[{"embeddable":true,"href":"https:\/\/www.europesays.com\/pt\/wp-json\/wp\/v2\/comments?post=205760"}],"version-history":[{"count":0,"href":"https:\/\/www.europesays.com\/pt\/wp-json\/wp\/v2\/posts\/205760\/revisions"}],"wp:featuredmedia":[{"embeddable":true,"href":"https:\/\/www.europesays.com\/pt\/wp-json\/wp\/v2\/media\/205761"}],"wp:attachment":[{"href":"https:\/\/www.europesays.com\/pt\/wp-json\/wp\/v2\/media?parent=205760"}],"wp:term":[{"taxonomy":"category","embeddable":true,"href":"https:\/\/www.europesays.com\/pt\/wp-json\/wp\/v2\/categories?post=205760"},{"taxonomy":"post_tag","embeddable":true,"href":"https:\/\/www.europesays.com\/pt\/wp-json\/wp\/v2\/tags?post=205760"}],"curies":[{"name":"wp","href":"https:\/\/api.w.org\/{rel}","templated":true}]}}