{"id":20578,"date":"2025-08-08T01:24:24","date_gmt":"2025-08-08T01:24:24","guid":{"rendered":"https:\/\/www.europesays.com\/pt\/20578\/"},"modified":"2025-08-08T01:24:24","modified_gmt":"2025-08-08T01:24:24","slug":"o-que-acontece-no-capitulo-de-sexta-feira-8-2","status":"publish","type":"post","link":"https:\/\/www.europesays.com\/pt\/20578\/","title":{"rendered":"o que acontece no cap\u00edtulo de sexta-feira (8)"},"content":{"rendered":"<p>                        <a href=\"https:\/\/img.nsctotal.com.br\/wp-content\/uploads\/2025\/08\/Katinha-quer-contar-a-verdade-para-Samuel-em-Dona-de-Mim.jpg\" data-caption=\"Katinha quer contar a verdade para Samuel em Dona de Mim\" aria-label=\"Katinha quer contar a verdade para Samuel em Dona de Mim\" rel=\"nofollow noopener\" target=\"_blank\"><img width=\"944\" height=\"531\" src=\"https:\/\/www.europesays.com\/pt\/wp-content\/uploads\/2025\/08\/Katinha-quer-contar-a-verdade-para-Samuel-em-Dona-de-Mim-944x531.jpg\" class=\"attachment-custom-large size-custom-large article-featured-image\" alt=\"Katinha quer contar a verdade para Samuel em Dona de Mim\" fetchpriority=\"high\" decoding=\"async\"  \/><\/a><\/p>\n<p>Katinha quer contar a verdade para Samuel em Dona de Mim (Foto: Divulga\u00e7\u00e3o, Globo)<\/p>\n<p>Em Dona de Mim, para Jaques (Marcello Novaes) n\u00e3o basta ficar com o lugar de <strong><a href=\"https:\/\/gshow.globo.com\/novelas\/dona-de-mim\/personagem\/abel\/\" target=\"_blank\" rel=\"noreferrer noopener nofollow\">Abel<\/a><\/strong> (Tony Ramos) na Boaz. Ele tamb\u00e9m se mudou para a mans\u00e3o e quer preencher todos os espa\u00e7os do irm\u00e3o. E vai ser l\u00e1 que ele vai encontrar uma nova aliada.<\/p>\n<p>Continua depois da publicidade<\/p>\n<p>Depois que Nina (Flora Camolese) descobre a verdade sobre a gravidez de Katinha (Lenita Oliver), o vil\u00e3o amea\u00e7a a menina e ela decide ficar do lado dele. Mas Katinha n\u00e3o quer mais saber de enganar Samuel (Juan Paiva) e vai dizer a Jaques que vai contar toda a verdade.<\/p>\n<p>Como foi a cena do acidente de Abel<a href=\"https:\/\/www.europesays.com\/pt\/wp-content\/uploads\/2025\/08\/Cena-do-acidente-de-Abel-em-Dona-de-Mim.jpg\"><a href=\"https:\/\/www.europesays.com\/pt\/wp-content\/uploads\/2025\/08\/Cena-do-acidente-de-Abel-em-Dona-de-Mim.jpg\" aria-label=\"Imagem da Galeria\"><img loading=\"lazy\" decoding=\"async\" width=\"1200\" height=\"675\" data-id=\"7601420\" src=\"https:\/\/www.europesays.com\/pt\/wp-content\/uploads\/2025\/08\/Cena-do-acidente-de-Abel-em-Dona-de-Mim.jpg\" alt=\"Cena do acidente de Abel em Dona de Mim \" class=\"wp-image-7601420\"  \/><\/a><\/p>\n<p>Sofia est\u00e1 com Vanderson (Foto: Reprodu\u00e7\u00e3o, globoplay)<\/p>\n<p><a href=\"https:\/\/www.europesays.com\/pt\/wp-content\/uploads\/2025\/08\/1754616259_91_Cena-do-acidente-de-Abel-em-Dona-de-Mim-2.jpg\"><a href=\"https:\/\/www.europesays.com\/pt\/wp-content\/uploads\/2025\/08\/1754616259_91_Cena-do-acidente-de-Abel-em-Dona-de-Mim-2.jpg\" aria-label=\"Imagem da Galeria\"><img loading=\"lazy\" decoding=\"async\" width=\"1200\" height=\"675\" data-id=\"7601416\" src=\"https:\/\/www.europesays.com\/pt\/wp-content\/uploads\/2025\/08\/1754616259_91_Cena-do-acidente-de-Abel-em-Dona-de-Mim-2.jpg\" alt=\"\" class=\"wp-image-7601416\"  \/><\/a><\/p>\n<p>Abel est\u00e1 correndo para resgatar a filha (Foto: Reprodu\u00e7\u00e3o, globoplay)<\/p>\n<p><a href=\"https:\/\/www.europesays.com\/pt\/wp-content\/uploads\/2025\/08\/1754616259_696_Cena-do-acidente-de-Abel-em-Dona-de-Mim-3.jpg\"><a href=\"https:\/\/www.europesays.com\/pt\/wp-content\/uploads\/2025\/08\/1754616259_696_Cena-do-acidente-de-Abel-em-Dona-de-Mim-3.jpg\" aria-label=\"Imagem da Galeria\"><img loading=\"lazy\" decoding=\"async\" width=\"1200\" height=\"675\" data-id=\"7601417\" src=\"https:\/\/www.europesays.com\/pt\/wp-content\/uploads\/2025\/08\/1754616259_696_Cena-do-acidente-de-Abel-em-Dona-de-Mim-3.jpg\" alt=\"Cena do acidente de Abel em Dona de Mim \" class=\"wp-image-7601417\"  \/><\/a><\/p>\n<p>Ele percebe que o carro n\u00e3o diminui a velocidade (Foto: Reprodu\u00e7\u00e3o, globoplay)<\/p>\n<p><a href=\"https:\/\/www.europesays.com\/pt\/wp-content\/uploads\/2025\/08\/Cena-do-acidente-de-Abel-em-Dona-de-Mim-5.jpg\"><a href=\"https:\/\/www.europesays.com\/pt\/wp-content\/uploads\/2025\/08\/Cena-do-acidente-de-Abel-em-Dona-de-Mim-5.jpg\" aria-label=\"Imagem da Galeria\"><img loading=\"lazy\" decoding=\"async\" width=\"1200\" height=\"675\" data-id=\"7601419\" src=\"https:\/\/www.europesays.com\/pt\/wp-content\/uploads\/2025\/08\/Cena-do-acidente-de-Abel-em-Dona-de-Mim-5.jpg\" alt=\"Cena do acidente de Abel em Dona de Mim \" class=\"wp-image-7601419\"  \/><\/a><\/p>\n<p>E que os freios n\u00e3o est\u00e3o funcionando (Foto: Reprodu\u00e7\u00e3o, globoplay)<\/p>\n<p><a href=\"https:\/\/www.europesays.com\/pt\/wp-content\/uploads\/2025\/08\/1754616260_161_Cena-do-acidente-de-Abel-em-Dona-de-Mim-4.jpg\"><a href=\"https:\/\/www.europesays.com\/pt\/wp-content\/uploads\/2025\/08\/1754616260_161_Cena-do-acidente-de-Abel-em-Dona-de-Mim-4.jpg\" aria-label=\"Imagem da Galeria\"><img loading=\"lazy\" decoding=\"async\" width=\"1200\" height=\"675\" data-id=\"7601418\" src=\"https:\/\/www.europesays.com\/pt\/wp-content\/uploads\/2025\/08\/1754616260_161_Cena-do-acidente-de-Abel-em-Dona-de-Mim-4.jpg\" alt=\"\" class=\"wp-image-7601418\"  \/><\/a><\/p>\n<p>Abel e Rebeca est\u00e3o desgovernados pelas ruas do Rio de Janeiro (Foto: Reprodu\u00e7\u00e3o, globoplay)<\/p>\n<p><a href=\"https:\/\/www.europesays.com\/pt\/wp-content\/uploads\/2025\/08\/Cena-do-acidente-de-Abel-em-Dona-de-Mim-6.jpg\"><a href=\"https:\/\/www.europesays.com\/pt\/wp-content\/uploads\/2025\/08\/Cena-do-acidente-de-Abel-em-Dona-de-Mim-6.jpg\" aria-label=\"Imagem da Galeria\"><img loading=\"lazy\" decoding=\"async\" width=\"1200\" height=\"675\" data-id=\"7601409\" src=\"https:\/\/www.europesays.com\/pt\/wp-content\/uploads\/2025\/08\/Cena-do-acidente-de-Abel-em-Dona-de-Mim-6.jpg\" alt=\"Cena do acidente de Abel em Dona de Mim \" class=\"wp-image-7601409\"  \/><\/a><\/p>\n<p>Eles entram em um t\u00fanel (Foto: Reprodu\u00e7\u00e3o, globoplay)<\/p>\n<p><a href=\"https:\/\/www.europesays.com\/pt\/wp-content\/uploads\/2025\/08\/Cena-do-acidente-de-Abel-em-Dona-de-Mim-7.jpg\"><a href=\"https:\/\/www.europesays.com\/pt\/wp-content\/uploads\/2025\/08\/Cena-do-acidente-de-Abel-em-Dona-de-Mim-7.jpg\" aria-label=\"Imagem da Galeria\"><img loading=\"lazy\" decoding=\"async\" width=\"1200\" height=\"675\" data-id=\"7601410\" src=\"https:\/\/www.europesays.com\/pt\/wp-content\/uploads\/2025\/08\/Cena-do-acidente-de-Abel-em-Dona-de-Mim-7.jpg\" alt=\"\" class=\"wp-image-7601410\"  \/><\/a><\/p>\n<p>Abel n\u00e3o consegue controlar o carro (Foto: Reprodu\u00e7\u00e3o, globoplay)<\/p>\n<p><a href=\"https:\/\/www.europesays.com\/pt\/wp-content\/uploads\/2025\/08\/Cena-do-acidente-de-Abel-em-Dona-de-Mim-8.jpg\"><a href=\"https:\/\/www.europesays.com\/pt\/wp-content\/uploads\/2025\/08\/Cena-do-acidente-de-Abel-em-Dona-de-Mim-8.jpg\" aria-label=\"Imagem da Galeria\"><img loading=\"lazy\" decoding=\"async\" width=\"1200\" height=\"675\" data-id=\"7601411\" src=\"https:\/\/www.europesays.com\/pt\/wp-content\/uploads\/2025\/08\/Cena-do-acidente-de-Abel-em-Dona-de-Mim-8.jpg\" alt=\"Cena do acidente de Abel em Dona de Mim \" class=\"wp-image-7601411\"  \/><\/a><\/p>\n<p>Eles capotam (Foto: Reprodu\u00e7\u00e3o, globoplay)<\/p>\n<p><a href=\"https:\/\/www.europesays.com\/pt\/wp-content\/uploads\/2025\/08\/1754616262_356_Cena-do-acidente-de-Abel-em-Dona-de-Mim-9.jpg\"><a href=\"https:\/\/www.europesays.com\/pt\/wp-content\/uploads\/2025\/08\/1754616262_356_Cena-do-acidente-de-Abel-em-Dona-de-Mim-9.jpg\" aria-label=\"Imagem da Galeria\"><img loading=\"lazy\" decoding=\"async\" width=\"1200\" height=\"675\" data-id=\"7601412\" src=\"https:\/\/www.europesays.com\/pt\/wp-content\/uploads\/2025\/08\/1754616262_356_Cena-do-acidente-de-Abel-em-Dona-de-Mim-9.jpg\" alt=\"\" class=\"wp-image-7601412\"  \/><\/a><\/p>\n<p>E o carro vai parar fora do t\u00fanel (Foto: Reprodu\u00e7\u00e3o, globoplay)<\/p>\n<p><a href=\"https:\/\/www.europesays.com\/pt\/wp-content\/uploads\/2025\/08\/1754616263_135_Cena-do-acidente-de-Abel-em-Dona-de-Mim-10.jpg\"><a href=\"https:\/\/www.europesays.com\/pt\/wp-content\/uploads\/2025\/08\/1754616263_135_Cena-do-acidente-de-Abel-em-Dona-de-Mim-10.jpg\" aria-label=\"Imagem da Galeria\"><img loading=\"lazy\" decoding=\"async\" width=\"1200\" height=\"675\" data-id=\"7601413\" src=\"https:\/\/www.europesays.com\/pt\/wp-content\/uploads\/2025\/08\/1754616263_135_Cena-do-acidente-de-Abel-em-Dona-de-Mim-10.jpg\" alt=\"Cena do acidente de Abel em Dona de Mim \" class=\"wp-image-7601413\"  \/><\/a><\/p>\n<p>At\u00e9 que um caminh\u00e3o vem e joga o carro do viaduto (Foto: Reprodu\u00e7\u00e3o, globoplay)<\/p>\n<p><a href=\"https:\/\/www.europesays.com\/pt\/wp-content\/uploads\/2025\/08\/Cena-do-acidente-de-Abel-em-Dona-de-Mim-11.jpg\"><a href=\"https:\/\/www.europesays.com\/pt\/wp-content\/uploads\/2025\/08\/Cena-do-acidente-de-Abel-em-Dona-de-Mim-11.jpg\" aria-label=\"Imagem da Galeria\"><img loading=\"lazy\" decoding=\"async\" width=\"1200\" height=\"675\" data-id=\"7601414\" src=\"https:\/\/www.europesays.com\/pt\/wp-content\/uploads\/2025\/08\/Cena-do-acidente-de-Abel-em-Dona-de-Mim-11.jpg\" alt=\"\" class=\"wp-image-7601414\"  \/><\/a><\/p>\n<p>Abel lembra de sua vida e de seus filhos (Foto: Reprodu\u00e7\u00e3o, globoplay)<\/p>\n<p><a href=\"https:\/\/www.europesays.com\/pt\/wp-content\/uploads\/2025\/08\/1754616264_959_Cena-do-acidente-de-Abel-em-Dona-de-Mim-12.jpg\"><a href=\"https:\/\/www.europesays.com\/pt\/wp-content\/uploads\/2025\/08\/1754616264_959_Cena-do-acidente-de-Abel-em-Dona-de-Mim-12.jpg\" aria-label=\"Imagem da Galeria\"><img loading=\"lazy\" decoding=\"async\" width=\"1200\" height=\"675\" data-id=\"7601415\" src=\"https:\/\/www.europesays.com\/pt\/wp-content\/uploads\/2025\/08\/1754616264_959_Cena-do-acidente-de-Abel-em-Dona-de-Mim-12.jpg\" alt=\"Cena do acidente de Abel em Dona de Mim \" class=\"wp-image-7601415\"  \/><\/a><\/p>\n<p>E some sem resgatar Sofia (Foto: Reprodu\u00e7\u00e3o, globoplay)<\/p>\n<p>VoltarAvan\u00e7ar<\/p>\n<p>Resumo completo do cap\u00edtulo de sexta-feira (8 de agosto de 2025) de Dona de Mim<\/p>\n<ul class=\"wp-block-list\">\n<li>Todos se incomodam com a presen\u00e7a de Jaques na mans\u00e3o. <\/li>\n<li>Nina descobre que Katinha n\u00e3o est\u00e1 gr\u00e1vida. <\/li>\n<li>Jaques amea\u00e7a Nina, que decide se aliar a ele. <\/li>\n<li>Samuel pressiona Katinha sobre o beb\u00ea. <\/li>\n<li>Ryan tem indulto do pres\u00eddio e pede para passar uns dias com Kami e Ded\u00e9. <\/li>\n<li>Manuel permite que Nina trabalhe em seu estabelecimento. <\/li>\n<li>Vespa exige que Ryan guarde suas mercadorias ilegais. <\/li>\n<li>Samuel e Jaques discordam das a\u00e7\u00f5es para a Boaz. <\/li>\n<li>Danilo amea\u00e7a Natara para favorecer Pam. <\/li>\n<li>Vespa denuncia Ryan para Durval. <\/li>\n<li>Davi \u00e9 promovido a diretor de marketing, e Breno e Ayla temem o futuro da empresa. <\/li>\n<li>Katinha diz a Jaques que n\u00e3o quer mais enganar Samuel.<\/li>\n<\/ul>\n<p>Continua depois da publicidade<\/p>\n<p><a href=\"https:\/\/www.nsctotal.com.br\/noticias\/como-e-a-casa-de-armando-babaioff-o-vanderson-de-dona-de-mim\" rel=\"nofollow noopener\" target=\"_blank\"><strong>Como \u00e9 a casa de Armando Babaioff, o Vanderson de Dona de Mim<\/strong><\/a> e <strong><a href=\"https:\/\/www.nsctotal.com.br\/noticias\/dona-de-mim-samuel-descobre-pista-deixada-por-abel-e-prepara-vinganca-contra-jaques\" target=\"_blank\" rel=\"noreferrer noopener nofollow\">Samuel descobre pista deixada por Abel e prepara vingan\u00e7a contra Jaques<\/a><\/strong>.<\/p>\n","protected":false},"excerpt":{"rendered":"Katinha quer contar a verdade para Samuel em Dona de Mim (Foto: Divulga\u00e7\u00e3o, Globo) Em Dona de Mim,&hellip;\n","protected":false},"author":2,"featured_media":20579,"comment_status":"","ping_status":"","sticky":false,"template":"","format":"standard","meta":{"footnotes":""},"categories":[142],"tags":[114,115,32,33,151,543],"class_list":{"0":"post-20578","1":"post","2":"type-post","3":"status-publish","4":"format-standard","5":"has-post-thumbnail","7":"category-tv","8":"tag-entertainment","9":"tag-entretenimento","10":"tag-portugal","11":"tag-pt","12":"tag-tv","13":"tag-ver-ouvir-ler"},"share_on_mastodon":{"url":"","error":""},"_links":{"self":[{"href":"https:\/\/www.europesays.com\/pt\/wp-json\/wp\/v2\/posts\/20578","targetHints":{"allow":["GET"]}}],"collection":[{"href":"https:\/\/www.europesays.com\/pt\/wp-json\/wp\/v2\/posts"}],"about":[{"href":"https:\/\/www.europesays.com\/pt\/wp-json\/wp\/v2\/types\/post"}],"author":[{"embeddable":true,"href":"https:\/\/www.europesays.com\/pt\/wp-json\/wp\/v2\/users\/2"}],"replies":[{"embeddable":true,"href":"https:\/\/www.europesays.com\/pt\/wp-json\/wp\/v2\/comments?post=20578"}],"version-history":[{"count":0,"href":"https:\/\/www.europesays.com\/pt\/wp-json\/wp\/v2\/posts\/20578\/revisions"}],"wp:featuredmedia":[{"embeddable":true,"href":"https:\/\/www.europesays.com\/pt\/wp-json\/wp\/v2\/media\/20579"}],"wp:attachment":[{"href":"https:\/\/www.europesays.com\/pt\/wp-json\/wp\/v2\/media?parent=20578"}],"wp:term":[{"taxonomy":"category","embeddable":true,"href":"https:\/\/www.europesays.com\/pt\/wp-json\/wp\/v2\/categories?post=20578"},{"taxonomy":"post_tag","embeddable":true,"href":"https:\/\/www.europesays.com\/pt\/wp-json\/wp\/v2\/tags?post=20578"}],"curies":[{"name":"wp","href":"https:\/\/api.w.org\/{rel}","templated":true}]}}