{"id":205786,"date":"2025-12-29T07:57:11","date_gmt":"2025-12-29T07:57:11","guid":{"rendered":"https:\/\/www.europesays.com\/pt\/205786\/"},"modified":"2025-12-29T07:57:11","modified_gmt":"2025-12-29T07:57:11","slug":"marina-ruy-barbosa-homenageia-brigitte-bardot-ao-recordar-ensaio-fotografico","status":"publish","type":"post","link":"https:\/\/www.europesays.com\/pt\/205786\/","title":{"rendered":"Marina Ruy Barbosa homenageia Brigitte Bardot ao recordar ensaio fotogr\u00e1fico"},"content":{"rendered":"<p>H\u00e1 quase 10 anos, Marina realizou um ensaio fotogr\u00e1fico inspirado na atriz e ativista<\/p>\n<p><a href=\"https:\/\/portalleodias.com\/moda\/marina-ruy-barbosa-e-a-unica-brasileira-a-figurar-na-lista-das-mais-bem-vestidas-do-mundo\" rel=\"nofollow noopener\" target=\"_blank\">Marina Ruy Barbosa<\/a> se juntou a v\u00e1rios famosos que homenagearam a atriz Brigitte Bardot, que morreu neste domingo (28\/12), aos 91 anos. Em uma rede social, mais cedo, a ruiva exibiu uma foto de um ensaio fotogr\u00e1fico realizado em 2016, incorporando o visual da diva do cinema franc\u00eas.<\/p>\n<p>No registro compartilhado no Instagram, a brasileira apareceu com o mesmo penteado e maquiagem s\u00edmbolos da francesa, considerada um dos maiores \u00edcones de sensualidade e da liberdade feminina. Usou uma blusa de tric\u00f4 na cor verde mostrando a barriga, unhas vermelhas e um short curto. A foto foi clicada pelo fot\u00f3grafo JR Duran e fez parte de uma campanha publicit\u00e1ria quando Marina protagonizava \u201cTotalmente Demais\u201d.<\/p>\n<p>Veja as fotosAbrir em tela cheia<img decoding=\"async\" src=\"https:\/\/www.europesays.com\/pt\/wp-content\/uploads\/2025\/12\/foto-marina-ruy-barbosa-homenageia-brigitte-bardot-ao-recordar-ensaio-fotografico.png\" alt=\"Reprodu\u00e7\u00e3o Instagram Marina Ruy Barbosa\/ montagem \" title=\"Reprodu\u00e7\u00e3o Instagram Marina Ruy Barbosa\/ montagem \" loading=\"lazy\" width=\"360\" height=\"270\"\/> <\/p>\n<p> Marina Ruy Barbosa vestida de Brigitte BardotReprodu\u00e7\u00e3o Instagram Marina Ruy Barbosa\/ montagem <\/p>\n<p><img decoding=\"async\" src=\"https:\/\/www.europesays.com\/pt\/wp-content\/uploads\/2025\/12\/Estadao-Conteudo-Arquivo.png\" alt=\"Cr\u00e9dito: Estad\u00e3o Conte\u00fado Arquivo\" title=\"Cr\u00e9dito: Estad\u00e3o Conte\u00fado Arquivo\" loading=\"lazy\" width=\"360\" height=\"270\"\/> <\/p>\n<p> Brigitte Bardot faleceu aos 91 anosCr\u00e9dito: Estad\u00e3o Conte\u00fado Arquivo<\/p>\n<p><img decoding=\"async\" src=\"https:\/\/www.europesays.com\/pt\/wp-content\/uploads\/2025\/12\/fondationbrigittebardot.jpg\" alt=\"Cr\u00e9dito: Reprodu\u00e7\u00e3o Instagram @fondationbrigittebardot\" title=\"Cr\u00e9dito: Reprodu\u00e7\u00e3o Instagram @fondationbrigittebardot\" loading=\"lazy\" width=\"360\" height=\"270\"\/> <\/p>\n<p> Atriz, cantora e ativista Brigitte Bardot faleceu aos 91 anosCr\u00e9dito: Reprodu\u00e7\u00e3o Instagram @fondationbrigittebardot<\/p>\n<p><img decoding=\"async\" src=\"https:\/\/www.europesays.com\/pt\/wp-content\/uploads\/2025\/12\/Leticia-Pontual.png\" alt=\"Cr\u00e9dito: Let\u00edcia Pontual\" title=\"Cr\u00e9dito: Let\u00edcia Pontual\" loading=\"lazy\" width=\"360\" height=\"270\"\/> <\/p>\n<p> Brigitte Bardot faleceu aos 91 anosCr\u00e9dito: Let\u00edcia Pontual<\/p>\n<p>\n        Voltar<br \/>\n        Pr\u00f3ximo\n      <\/p>\n<p>Brigitte tamb\u00e9m era ativista e n\u00e3o teve a causa da morte divulgada. Ela j\u00e1 esteve no Brasil, mais precisamente em B\u00fazios, Rio de Janeiro, duas vezes em 1964, sendo a primeira delas em janeiro, quando permaneceu por quatro meses em Manguinhos, com o ent\u00e3o namorado, o jogador de basquete do Flamengo, Bob Zagury.<\/p>\n<p>Depois voltou no fim daquele ano, em dezembro. Sua presen\u00e7a rendeu uma homenagem com uma est\u00e1tua na cidade e colocou o destino fluminense na rota do turismo mundial ainda na d\u00e9cada de 1960.<\/p>\n","protected":false},"excerpt":{"rendered":"H\u00e1 quase 10 anos, Marina realizou um ensaio fotogr\u00e1fico inspirado na atriz e ativista Marina Ruy Barbosa se&hellip;\n","protected":false},"author":2,"featured_media":205787,"comment_status":"","ping_status":"","sticky":false,"template":"","format":"standard","meta":{"footnotes":""},"categories":[144],"tags":[207,205,206,203,201,202,204,114,115,32,33],"class_list":{"0":"post-205786","1":"post","2":"type-post","3":"status-publish","4":"format-standard","5":"has-post-thumbnail","7":"category-arte-e-design","8":"tag-arte","9":"tag-arte-e-design","10":"tag-artedesign","11":"tag-arts","12":"tag-arts-and-design","13":"tag-artsanddesign","14":"tag-design","15":"tag-entertainment","16":"tag-entretenimento","17":"tag-portugal","18":"tag-pt"},"share_on_mastodon":{"url":"https:\/\/pubeurope.com\/@pt\/115801793710880545","error":""},"_links":{"self":[{"href":"https:\/\/www.europesays.com\/pt\/wp-json\/wp\/v2\/posts\/205786","targetHints":{"allow":["GET"]}}],"collection":[{"href":"https:\/\/www.europesays.com\/pt\/wp-json\/wp\/v2\/posts"}],"about":[{"href":"https:\/\/www.europesays.com\/pt\/wp-json\/wp\/v2\/types\/post"}],"author":[{"embeddable":true,"href":"https:\/\/www.europesays.com\/pt\/wp-json\/wp\/v2\/users\/2"}],"replies":[{"embeddable":true,"href":"https:\/\/www.europesays.com\/pt\/wp-json\/wp\/v2\/comments?post=205786"}],"version-history":[{"count":0,"href":"https:\/\/www.europesays.com\/pt\/wp-json\/wp\/v2\/posts\/205786\/revisions"}],"wp:featuredmedia":[{"embeddable":true,"href":"https:\/\/www.europesays.com\/pt\/wp-json\/wp\/v2\/media\/205787"}],"wp:attachment":[{"href":"https:\/\/www.europesays.com\/pt\/wp-json\/wp\/v2\/media?parent=205786"}],"wp:term":[{"taxonomy":"category","embeddable":true,"href":"https:\/\/www.europesays.com\/pt\/wp-json\/wp\/v2\/categories?post=205786"},{"taxonomy":"post_tag","embeddable":true,"href":"https:\/\/www.europesays.com\/pt\/wp-json\/wp\/v2\/tags?post=205786"}],"curies":[{"name":"wp","href":"https:\/\/api.w.org\/{rel}","templated":true}]}}