{"id":205798,"date":"2025-12-29T08:04:14","date_gmt":"2025-12-29T08:04:14","guid":{"rendered":"https:\/\/www.europesays.com\/pt\/205798\/"},"modified":"2025-12-29T08:04:14","modified_gmt":"2025-12-29T08:04:14","slug":"quem-as-viu-e-quem-as-ve-ainda-se-lembra-quando-kim-kardashian-era-apenas-a-assistente-de-paris-hilton-celebridades","status":"publish","type":"post","link":"https:\/\/www.europesays.com\/pt\/205798\/","title":{"rendered":"Quem as viu e quem as v\u00ea&#8230; Ainda se lembra quando Kim Kardashian era &#8220;apenas&#8221; a assistente de Paris Hilton? &#8211; Celebridades"},"content":{"rendered":"<p class=\"\">&#13;<br \/>\n        Poucas pessoas se lembram que, quando apareceu, <b>Kim Kardashian era apenas&#8230; amiga e assistente de Paris Hilton.<\/b>&#13;\n    <\/p>\n<p class=\"\">&#13;<br \/>\n        Anos antes de se tornar numa das figuras mais medi\u00e1ticas do mundo e de <b>construir um imp\u00e9rio multimilion\u00e1rio<\/b>, no in\u00edcio da d\u00e9cada de 2000, Kim trabalhou como assistente de Paris, herdeira do imp\u00e9rio hoteleiro Hilton, protagonista de reality shows e uma das maiores \u201cit girls\u201d da altura.&#13;\n    <\/p>\n<p class=\"\">&#13;<br \/>\n        Era Kim quem <b>organizava o guarda-roupa de Paris, geria a sua agenda de compromissos e a acompanhava em eventos p\u00fablicos<\/b>. Embora tamb\u00e9m fosse uma &#8216;menina rica&#8217; &#8211; o seu pai, Robert Kardashian, era um conhecido advogado das estrelas, tendo at\u00e9 defendido OJ Simpson no &#8216;julgamento do s\u00e9culo&#8217; &#8211; estas fun\u00e7\u00f5es permitiram-lhe ganhar visibilidade no meio social e medi\u00e1tico de Los Angeles e <b>aprender a relacionar-se com os media e a movimentar-se nos bastidores da fama.<\/b>&#13;\n    <\/p>\n<p class=\"\">&#13;<br \/>\n        E n\u00e3o foi s\u00f3 isso que Kim Kardashian aprendeu com Paris Hilton&#8230; <b>Tal como a amiga e &#8216;patroa&#8217;, tamb\u00e9m Kim viu uma &#8216;sex tape&#8217; sua <\/b>com o namorado da altura, Ray J, servir-lhe de &#8216;trampolim&#8217; para a constru\u00e7\u00e3o da sua marca pessoal. &#13;\n    <\/p>\n<p class=\"\">&#13;<br \/>\n        Tanto Paris, em 2001, como Kim, em 2007, garantiram publicamente que as suas imagens \u00edntimas tinham sido divulgadas sem a sua permiss\u00e3o, mas h\u00e1 muito que se especula que ambas <b>tenham sido decis\u00f5es propositadas e estrat\u00e9gicas precisamente para ganharem mais mediatismo. No caso de Kim, at\u00e9 se diz que foi tudo planeado com a m\u00e3e, Kris Jenner.<\/b>&#13;\n    <\/p>\n<p class=\"\">&#13;<br \/>\n        Nesse mesmo ano, estreou o popular reality show &#8216;Keeping Up With the Kardashians&#8217;, que viria <b>a estabelecer a fam\u00edlia Kardashian como uma das mais influentes e poderosas da ind\u00fastria do entretenimento.<\/b>&#13;\n    <\/p>\n<p>        &#13;<br \/>\n            Saber mais sobre&#13;<br \/>\n            &#13;<br \/>\n            &#13;<\/p>\n<p>    &#13;<br \/>\n        &#13;<br \/>\n        &#13;<br \/>\n&#13;<\/p>\n","protected":false},"excerpt":{"rendered":"&#13; Poucas pessoas se lembram que, quando apareceu, Kim Kardashian era apenas&#8230; amiga e assistente de Paris Hilton.&#13;&hellip;\n","protected":false},"author":2,"featured_media":205799,"comment_status":"","ping_status":"","sticky":false,"template":"","format":"standard","meta":{"footnotes":""},"categories":[85],"tags":[114,115,5051,3670,40605,32,33,218],"class_list":{"0":"post-205798","1":"post","2":"type-post","3":"status-publish","4":"format-standard","5":"has-post-thumbnail","7":"category-entretenimento","8":"tag-entertainment","9":"tag-entretenimento","10":"tag-kim-kardashian","11":"tag-los-angeles","12":"tag-paris-hilton","13":"tag-portugal","14":"tag-pt","15":"tag-televisao"},"share_on_mastodon":{"url":"https:\/\/pubeurope.com\/@pt\/115801821364344793","error":""},"_links":{"self":[{"href":"https:\/\/www.europesays.com\/pt\/wp-json\/wp\/v2\/posts\/205798","targetHints":{"allow":["GET"]}}],"collection":[{"href":"https:\/\/www.europesays.com\/pt\/wp-json\/wp\/v2\/posts"}],"about":[{"href":"https:\/\/www.europesays.com\/pt\/wp-json\/wp\/v2\/types\/post"}],"author":[{"embeddable":true,"href":"https:\/\/www.europesays.com\/pt\/wp-json\/wp\/v2\/users\/2"}],"replies":[{"embeddable":true,"href":"https:\/\/www.europesays.com\/pt\/wp-json\/wp\/v2\/comments?post=205798"}],"version-history":[{"count":0,"href":"https:\/\/www.europesays.com\/pt\/wp-json\/wp\/v2\/posts\/205798\/revisions"}],"wp:featuredmedia":[{"embeddable":true,"href":"https:\/\/www.europesays.com\/pt\/wp-json\/wp\/v2\/media\/205799"}],"wp:attachment":[{"href":"https:\/\/www.europesays.com\/pt\/wp-json\/wp\/v2\/media?parent=205798"}],"wp:term":[{"taxonomy":"category","embeddable":true,"href":"https:\/\/www.europesays.com\/pt\/wp-json\/wp\/v2\/categories?post=205798"},{"taxonomy":"post_tag","embeddable":true,"href":"https:\/\/www.europesays.com\/pt\/wp-json\/wp\/v2\/tags?post=205798"}],"curies":[{"name":"wp","href":"https:\/\/api.w.org\/{rel}","templated":true}]}}