{"id":205810,"date":"2025-12-29T08:10:11","date_gmt":"2025-12-29T08:10:11","guid":{"rendered":"https:\/\/www.europesays.com\/pt\/205810\/"},"modified":"2025-12-29T08:10:11","modified_gmt":"2025-12-29T08:10:11","slug":"foi-dia-de-casamento-para-conhecida-apresentadora-que-surge-muito-diferente","status":"publish","type":"post","link":"https:\/\/www.europesays.com\/pt\/205810\/","title":{"rendered":"Foi dia de casamento para conhecida apresentadora&#8230; que surge muito diferente!"},"content":{"rendered":"<p>Este domingo, dia 28, \u00e9 de festa para <a href=\"https:\/\/selfie.iol.pt\/famosos\/associacao-sara-carreira\/em-momento-importante-maria-botelho-moniz-revela-ja-falei-com-a-julia-pinheiro\/20251206\/6934a2c5d34e3caad84c1aa0\" target=\"_blank\" rel=\"nofollow noopener\">J\u00falia Pinheiro<\/a> e Rui P\u00eago, que completam 40 anos de casamento. A data especial foi destacada pelo filho de ambos, <a href=\"https:\/\/selfie.iol.pt\/famosos\/rui-maria-pego\/rui-maria-pego-mostra-se-em-lagrimas\/20261228\/69516011d34e2bd5c6d5923e\" target=\"_blank\" rel=\"nofollow noopener\">Rui Maria P\u00eago<\/a>.<\/p>\n<p>&#8220;Os meus pais fazem hoje 40 anos de casamento. S\u00e3o as ra\u00edzes que sustentam os nossos riscos e as nossas fa\u00e7anhas, as belezas e os abismos, as transforma\u00e7\u00f5es e os voos. A Pilar, filha da Matilde e do Hugo, \u00e9, por proxy, a emana\u00e7\u00e3o mais recente deste amor selado em Vila Nova de Cerveira, em 1985&#8221;, come\u00e7ou por referir o radialista na legenda de uma fotografia antiga do enlace, na qual o casal surge irreconhec\u00edvel.<\/p>\n<p>De seguida, Rui Maria P\u00eago acrescentou: &#8220;Contam-nos que, nesse dia, o ar estava g\u00e9lido e que os convidados sofreram. N\u00e3o ajudou um diabrete ter desligado os aquecedores da pousada durante a noite para fazer uma partida aos noivos, mas parece que nada disso enregelou as motiva\u00e7\u00f5es. Casaram e inventaram-nos. Com gra\u00e7a, intelig\u00eancia, coragem, g\u00e9nio e amor. Temos muita sorte. O dia \u00e9 deles, mas a alegria \u00e9 sobretudo nossa. Parab\u00e9ns, meus queridos pais. Amamo-vos!&#8221;<\/p>\n<p>Veja, agora, a imagem partilhada por Rui Maria P\u00eago na galeria de fotografias que prepar\u00e1mos para si.<\/p>\n","protected":false},"excerpt":{"rendered":"Este domingo, dia 28, \u00e9 de festa para J\u00falia Pinheiro e Rui P\u00eago, que completam 40 anos de&hellip;\n","protected":false},"author":2,"featured_media":205811,"comment_status":"","ping_status":"","sticky":false,"template":"","format":"standard","meta":{"footnotes":""},"categories":[145],"tags":[3539,1435,211,210,114,115,980,1015,31907,619,32,33,1016,33221,40608,1012,1751],"class_list":{"0":"post-205810","1":"post","2":"type-post","3":"status-publish","4":"format-standard","5":"has-post-thumbnail","7":"category-celebridades","8":"tag-apresentadora","9":"tag-casamento","10":"tag-celebridades","11":"tag-celebrities","12":"tag-entertainment","13":"tag-entretenimento","14":"tag-famosos","15":"tag-instagram","16":"tag-julia-pinheiro","17":"tag-nacional","18":"tag-portugal","19":"tag-pt","20":"tag-romance","21":"tag-rui-maria-pego","22":"tag-rui-pego","23":"tag-selfie","24":"tag-sic"},"share_on_mastodon":{"url":"https:\/\/pubeurope.com\/@pt\/115801844980807884","error":""},"_links":{"self":[{"href":"https:\/\/www.europesays.com\/pt\/wp-json\/wp\/v2\/posts\/205810","targetHints":{"allow":["GET"]}}],"collection":[{"href":"https:\/\/www.europesays.com\/pt\/wp-json\/wp\/v2\/posts"}],"about":[{"href":"https:\/\/www.europesays.com\/pt\/wp-json\/wp\/v2\/types\/post"}],"author":[{"embeddable":true,"href":"https:\/\/www.europesays.com\/pt\/wp-json\/wp\/v2\/users\/2"}],"replies":[{"embeddable":true,"href":"https:\/\/www.europesays.com\/pt\/wp-json\/wp\/v2\/comments?post=205810"}],"version-history":[{"count":0,"href":"https:\/\/www.europesays.com\/pt\/wp-json\/wp\/v2\/posts\/205810\/revisions"}],"wp:featuredmedia":[{"embeddable":true,"href":"https:\/\/www.europesays.com\/pt\/wp-json\/wp\/v2\/media\/205811"}],"wp:attachment":[{"href":"https:\/\/www.europesays.com\/pt\/wp-json\/wp\/v2\/media?parent=205810"}],"wp:term":[{"taxonomy":"category","embeddable":true,"href":"https:\/\/www.europesays.com\/pt\/wp-json\/wp\/v2\/categories?post=205810"},{"taxonomy":"post_tag","embeddable":true,"href":"https:\/\/www.europesays.com\/pt\/wp-json\/wp\/v2\/tags?post=205810"}],"curies":[{"name":"wp","href":"https:\/\/api.w.org\/{rel}","templated":true}]}}