{"id":205812,"date":"2025-12-29T08:11:13","date_gmt":"2025-12-29T08:11:13","guid":{"rendered":"https:\/\/www.europesays.com\/pt\/205812\/"},"modified":"2025-12-29T08:11:13","modified_gmt":"2025-12-29T08:11:13","slug":"predio-famoso-de-curitiba-foi-considerado-ousado-e-revolucionario","status":"publish","type":"post","link":"https:\/\/www.europesays.com\/pt\/205812\/","title":{"rendered":"Pr\u00e9dio famoso de Curitiba foi considerado ousado e revolucion\u00e1rio"},"content":{"rendered":"\n<p>Encravado no cora\u00e7\u00e3o bairro <strong>Cabral<\/strong>, em <strong>Curitiba<\/strong>, o imponente edif\u00edcio do <strong>Instituto de Desenvolvimento Rural do Paran\u00e1<\/strong> (IDR-Paran\u00e1) \u00e9 um dos exemplos mais expressivos do <strong>eco-brutalismo em Curitiba<\/strong>. Constru\u00eddo no fim da d\u00e9cada de 1970, o pr\u00e9dio de seis pavimentos chama a aten\u00e7\u00e3o de quem passa pela regi\u00e3o, especialmente pela inclina\u00e7\u00e3o marcante da estrutura e pela integra\u00e7\u00e3o entre concreto e vegeta\u00e7\u00e3o.<\/p>\n<p>O im\u00f3vel foi projetado originalmente para abrigar a sede da antiga Associa\u00e7\u00e3o de Cr\u00e9dito e Assist\u00eancia Rural do Paran\u00e1 (ACARPA). A inaugura\u00e7\u00e3o ocorreu em 12 de mar\u00e7o de 1979, durante o governo de Jayme Canet J\u00fanior.<\/p>\n<p>Em 2019, a Empresa Paranaense de Assist\u00eancia T\u00e9cnica e Extens\u00e3o Rural (Emater), na \u00e9poca em que era Instituto, foi incorporada ao IDR-Paran\u00e1, passando novamente a propriedade do edif\u00edcio. Atualmente, o letreiro da estatal ocupa a face oposta \u00e0s floreiras que marcam o conjunto arquitet\u00f4nico. Confira, abaixo, imagens da constru\u00e7\u00e3o:<\/p>\n<p>  <img loading=\"lazy\" decoding=\"async\" width=\"1200\" height=\"900\" data-id=\"3690947\" src=\"https:\/\/www.europesays.com\/pt\/wp-content\/uploads\/2025\/12\/andre-nacli-2025-2025-03-08-152913-1741458553.jpg\" alt=\"\" class=\"wp-image-3690947\"  \/>Foto: Andr\u00e9 Nacli. <img loading=\"lazy\" decoding=\"async\" width=\"1200\" height=\"900\" data-id=\"3690945\" src=\"https:\/\/www.europesays.com\/pt\/wp-content\/uploads\/2025\/12\/andre-nacli-2025-2025-03-08-152818-1741458498.jpg\" alt=\"\" class=\"wp-image-3690945\"  \/>Foto: Andr\u00e9 Nacli. <img loading=\"lazy\" decoding=\"async\" width=\"900\" height=\"1200\" data-id=\"3690946\" src=\"https:\/\/www.europesays.com\/pt\/wp-content\/uploads\/2025\/12\/andre-nacli-2025-2025-03-08-152751-1741458471.jpg\" alt=\"\" class=\"wp-image-3690946\"  \/>Foto: Andr\u00e9 Nacli.  <\/p>\n<p>O projeto \u00e9 assinado pelos arquitetos Luiz Forte Netto, Orlando Busarello e Dilva Slomp Busarello, que propuseram uma solu\u00e7\u00e3o ousada para a \u00e9poca, pensada para dialogar com o clima de Curitiba. A concep\u00e7\u00e3o segue princ\u00edpios do brutalismo, com uso intenso de concreto aparente, volumes robustos, formas geom\u00e9tricas marcantes e estruturas expostas, como vigas e pilares.<\/p>\n<p>A inclina\u00e7\u00e3o da fachada n\u00e3o \u00e9 apenas est\u00e9tica. Ela permite maior incid\u00eancia solar durante o inverno, contribuindo para o aquecimento natural dos ambientes internos. J\u00e1 no ver\u00e3o, a vegeta\u00e7\u00e3o instalada nas floreiras atua como prote\u00e7\u00e3o t\u00e9rmica, funcionando como um quebra-sol natural e ajudando a reduzir a temperatura interna do edif\u00edcio.<\/p>\n<p>Outro destaque \u00e9 a composi\u00e7\u00e3o da fachada, marcada pelo contraste entre o concreto bruto, as esquadrias de vidro escurecido e as escadas de inc\u00eandio externas, constru\u00eddas em formato de h\u00e9lice.<\/p>\n<p>O edif\u00edcio est\u00e1 localizado na Rua da Bandeira, n\u00ba 500, no bairro Cabral. O acesso principal est\u00e1 abaixo do n\u00edvel das floreiras.<\/p>\n<p>  <a href=\"https:\/\/www.tribunapr.com.br\/noticias\/curitiba-regiao\/heroico-ferido-motorista-de-van-acidentada-na-br-376-salva-15-passageiros-antes-de-incendio\/?utm_source=noticias-virais-rodape&amp;utm_medium=internal-tribuna&amp;utm_campaign=tribuna\" class=\"cardnews__postlink\" rel=\"nofollow noopener\" target=\"_blank\"> <img decoding=\"async\" src=\"https:\/\/www.europesays.com\/pt\/wp-content\/uploads\/2025\/11\/van-acidente-1-370x210.jpg\" loading=\"lazy\" alt=\"Ferido, motorista de van salva 15 pessoas antes de explos\u00e3o na BR-376\"\/>   <\/p>\n<p>  Trag\u00e9dia maior evitada!  <\/p>\n<p>Ferido, motorista de van salva 15 pessoas antes de explos\u00e3o na BR-376<\/p>\n<p>   <\/a>  <a href=\"https:\/\/www.tribunapr.com.br\/noticias\/curitiba-regiao\/paranaense-viaja-450-km-por-mes-para-sustentar-tradicao-das-vassouras-de-palha-em-curitiba\/?utm_source=noticias-virais-rodape&amp;utm_medium=internal-tribuna&amp;utm_campaign=tribuna\" class=\"cardnews__postlink\" rel=\"nofollow noopener\" target=\"_blank\"> <img decoding=\"async\" src=\"https:\/\/www.europesays.com\/pt\/wp-content\/uploads\/2025\/11\/Vassoura-de-Sorgo-capa-370x210.jpg\" loading=\"lazy\" alt=\"Paranaense viaja 450 km por m\u00eas para n\u00e3o deixar tradi\u00e7\u00e3o morrer\"\/>   <\/p>\n<p>  Do plantio \u00e0 venda  <\/p>\n<p>Paranaense viaja 450 km por m\u00eas para n\u00e3o deixar tradi\u00e7\u00e3o morrer<\/p>\n<p>   <\/a>  <a href=\"https:\/\/www.tribunapr.com.br\/noticias\/curitiba-regiao\/icone-em-bairro-de-curitiba-casarao-de-1876-ganhara-nova-funcao\/?utm_source=noticias-virais-rodape&amp;utm_medium=internal-tribuna&amp;utm_campaign=tribuna\" class=\"cardnews__postlink\" rel=\"nofollow noopener\" target=\"_blank\"> <img decoding=\"async\" src=\"https:\/\/www.europesays.com\/pt\/wp-content\/uploads\/2025\/11\/casarao-barrerinha-370x210.jpg\" loading=\"lazy\" alt=\"Casar\u00e3o de 1876 em Curitiba vai renascer com nova e surpreendente fun\u00e7\u00e3o\"\/>   <\/p>\n<p>  Linda casa antiga!  <\/p>\n<p>Casar\u00e3o de 1876 em Curitiba vai renascer com nova e surpreendente fun\u00e7\u00e3o<\/p>\n<p>   <\/a>   <img decoding=\"async\" src=\"https:\/\/www.europesays.com\/pt\/wp-content\/uploads\/2025\/08\/logo-whatsapp.png\" alt=\"Grupos de WhatsApp da Tribuna\" loading=\"lazy\"\/>   <\/p>\n<p> Receba Not\u00edcias no seu WhatsApp! <\/p>\n<p> Receba as not\u00edcias do seu bairro e do seu time pelo WhatsApp. <\/p>\n<p> <a href=\"https:\/\/www.tribunapr.com.br\/grupos-de-whatsapp-da-tribuna\/\" target=\"_blank\" class=\"whatsapp-groups__button\" rel=\"nofollow noopener\"> Participe dos Grupos da Tribuna <\/a>   <\/p>\n","protected":false},"excerpt":{"rendered":"Encravado no cora\u00e7\u00e3o bairro Cabral, em Curitiba, o imponente edif\u00edcio do Instituto de Desenvolvimento Rural do Paran\u00e1 (IDR-Paran\u00e1)&hellip;\n","protected":false},"author":2,"featured_media":205813,"comment_status":"","ping_status":"","sticky":false,"template":"","format":"standard","meta":{"footnotes":""},"categories":[144],"tags":[207,205,206,203,201,202,204,114,115,32,33],"class_list":{"0":"post-205812","1":"post","2":"type-post","3":"status-publish","4":"format-standard","5":"has-post-thumbnail","7":"category-arte-e-design","8":"tag-arte","9":"tag-arte-e-design","10":"tag-artedesign","11":"tag-arts","12":"tag-arts-and-design","13":"tag-artsanddesign","14":"tag-design","15":"tag-entertainment","16":"tag-entretenimento","17":"tag-portugal","18":"tag-pt"},"share_on_mastodon":{"url":"https:\/\/pubeurope.com\/@pt\/115801848869238306","error":""},"_links":{"self":[{"href":"https:\/\/www.europesays.com\/pt\/wp-json\/wp\/v2\/posts\/205812","targetHints":{"allow":["GET"]}}],"collection":[{"href":"https:\/\/www.europesays.com\/pt\/wp-json\/wp\/v2\/posts"}],"about":[{"href":"https:\/\/www.europesays.com\/pt\/wp-json\/wp\/v2\/types\/post"}],"author":[{"embeddable":true,"href":"https:\/\/www.europesays.com\/pt\/wp-json\/wp\/v2\/users\/2"}],"replies":[{"embeddable":true,"href":"https:\/\/www.europesays.com\/pt\/wp-json\/wp\/v2\/comments?post=205812"}],"version-history":[{"count":0,"href":"https:\/\/www.europesays.com\/pt\/wp-json\/wp\/v2\/posts\/205812\/revisions"}],"wp:featuredmedia":[{"embeddable":true,"href":"https:\/\/www.europesays.com\/pt\/wp-json\/wp\/v2\/media\/205813"}],"wp:attachment":[{"href":"https:\/\/www.europesays.com\/pt\/wp-json\/wp\/v2\/media?parent=205812"}],"wp:term":[{"taxonomy":"category","embeddable":true,"href":"https:\/\/www.europesays.com\/pt\/wp-json\/wp\/v2\/categories?post=205812"},{"taxonomy":"post_tag","embeddable":true,"href":"https:\/\/www.europesays.com\/pt\/wp-json\/wp\/v2\/tags?post=205812"}],"curies":[{"name":"wp","href":"https:\/\/api.w.org\/{rel}","templated":true}]}}