{"id":205814,"date":"2025-12-29T08:13:25","date_gmt":"2025-12-29T08:13:25","guid":{"rendered":"https:\/\/www.europesays.com\/pt\/205814\/"},"modified":"2025-12-29T08:13:25","modified_gmt":"2025-12-29T08:13:25","slug":"tensao-na-gala-discussao-acesa-entre-leandro-pedro-jorge-e-marisa-secret-story","status":"publish","type":"post","link":"https:\/\/www.europesays.com\/pt\/205814\/","title":{"rendered":"Tens\u00e3o na gala! Discuss\u00e3o acesa entre Leandro, Pedro Jorge e Marisa &#8211; Secret Story"},"content":{"rendered":"<p data-end=\"460\" data-start=\"0\">Na gala do <strong>Secret Story 9<\/strong>, o caos instalou-se na casa depois de algumas imagens.\u00a0Leandro, Pedro Jorge e Marisa envolvem-se numa discuss\u00e3o intensa.<\/p>\n<p data-end=\"460\" data-start=\"0\">A grande noite est\u00e1 a chegar e promete emo\u00e7\u00f5es fortes. A semifinal da <strong data-end=\"95\" data-start=\"70\">\u201cCasa dos Segredos 9\u201d<\/strong> vai para o ar esta noite na TVI e traz surpresas decisivas, revela\u00e7\u00f5es, momentos de tens\u00e3o e decis\u00f5es que v\u00e3o definir quem conquista um lugar na grande final. Entre os destaques, est\u00e3o a escolha da melhor miss\u00e3o da edi\u00e7\u00e3o, a elei\u00e7\u00e3o do concorrente mais ciumento da casa e a press\u00e3o m\u00e1xima sobre os nomeados, que v\u00e3o receber mensagens marcantes dos ex-concorrentes.<\/p>\n<p data-end=\"791\" data-is-last-node=\"\" data-is-only-node=\"\" data-start=\"462\">Mas h\u00e1 mais: a gala conta ainda com atua\u00e7\u00f5es especiais de <strong data-end=\"539\" data-start=\"520\">Jorge Guerreiro<\/strong> e <strong data-end=\"558\" data-start=\"542\">Nuno Ribeiro<\/strong>, garantindo muita m\u00fasica e emo\u00e7\u00e3o numa noite que promete ficar na mem\u00f3ria dos f\u00e3s do reality show. No final, ser\u00e3o conhecidos os quatro finalistas do <strong data-end=\"729\" data-start=\"709\">\u201cSecret Story 9\u201d<\/strong>, num programa que promete ser um dos mais intensos da edi\u00e7\u00e3o.<\/p>\n<p><strong>Vote para salvar o seu concorrente preferido. E pode faz\u00ea-lo quer atrav\u00e9s das linhas telef\u00f3nicas, quer atrav\u00e9s da APP do TVI reality:\u00a0<\/strong><\/p>\n<p><strong>Pedro &#8211; 761 20 20 18<br \/>Leandro &#8211; 761 20 20 12<br \/>In\u00eas &#8211; 761 20 20 10<\/strong><\/p>\n<p><a href=\"https:\/\/tvi.iol.pt\/secretstory\/aominuto\" wbo-id=\"32\" rel=\"nofollow noopener\" target=\"_blank\">Veja aqui tudo o que se passa na casa do Secret Story 9!<\/a><\/p>\n","protected":false},"excerpt":{"rendered":"Na gala do Secret Story 9, o caos instalou-se na casa depois de algumas imagens.\u00a0Leandro, Pedro Jorge e&hellip;\n","protected":false},"author":2,"featured_media":205815,"comment_status":"","ping_status":"","sticky":false,"template":"","format":"standard","meta":{"footnotes":""},"categories":[142],"tags":[114,115,19033,12397,19184,19034,21416,32,33,151,19032],"class_list":{"0":"post-205814","1":"post","2":"type-post","3":"status-publish","4":"format-standard","5":"has-post-thumbnail","7":"category-tv","8":"tag-entertainment","9":"tag-entretenimento","10":"tag-galas-em-video","11":"tag-leandro","12":"tag-marisa","13":"tag-melhores-momentos-casa-dos-segredos","14":"tag-pedro-jorge","15":"tag-portugal","16":"tag-pt","17":"tag-tv","18":"tag-videos-secret-story-tvi"},"share_on_mastodon":{"url":"https:\/\/pubeurope.com\/@pt\/115801856727415863","error":""},"_links":{"self":[{"href":"https:\/\/www.europesays.com\/pt\/wp-json\/wp\/v2\/posts\/205814","targetHints":{"allow":["GET"]}}],"collection":[{"href":"https:\/\/www.europesays.com\/pt\/wp-json\/wp\/v2\/posts"}],"about":[{"href":"https:\/\/www.europesays.com\/pt\/wp-json\/wp\/v2\/types\/post"}],"author":[{"embeddable":true,"href":"https:\/\/www.europesays.com\/pt\/wp-json\/wp\/v2\/users\/2"}],"replies":[{"embeddable":true,"href":"https:\/\/www.europesays.com\/pt\/wp-json\/wp\/v2\/comments?post=205814"}],"version-history":[{"count":0,"href":"https:\/\/www.europesays.com\/pt\/wp-json\/wp\/v2\/posts\/205814\/revisions"}],"wp:featuredmedia":[{"embeddable":true,"href":"https:\/\/www.europesays.com\/pt\/wp-json\/wp\/v2\/media\/205815"}],"wp:attachment":[{"href":"https:\/\/www.europesays.com\/pt\/wp-json\/wp\/v2\/media?parent=205814"}],"wp:term":[{"taxonomy":"category","embeddable":true,"href":"https:\/\/www.europesays.com\/pt\/wp-json\/wp\/v2\/categories?post=205814"},{"taxonomy":"post_tag","embeddable":true,"href":"https:\/\/www.europesays.com\/pt\/wp-json\/wp\/v2\/tags?post=205814"}],"curies":[{"name":"wp","href":"https:\/\/api.w.org\/{rel}","templated":true}]}}