{"id":205818,"date":"2025-12-29T08:15:14","date_gmt":"2025-12-29T08:15:14","guid":{"rendered":"https:\/\/www.europesays.com\/pt\/205818\/"},"modified":"2025-12-29T08:15:14","modified_gmt":"2025-12-29T08:15:14","slug":"ex-showrunner-de-x-men-97-se-pronuncia-sobre-ciclope-em-vingadores-doutor-destino-e-critica-a-marvel-studios","status":"publish","type":"post","link":"https:\/\/www.europesays.com\/pt\/205818\/","title":{"rendered":"Ex-showrunner de X-Men &#8217;97 se pronuncia sobre Ciclope em Vingadores: Doutor Destino e critica a Marvel Studios"},"content":{"rendered":"<p class=\"wp-block-yoast-seo-estimated-reading-time yoast-reading-time__wrapper\">Estimated reading time: 3 minutos<\/p>\n<p>O terceiro teaser de <a href=\"https:\/\/ovicio.com.br\/tag\/vingadores-doutor-destino\/\" target=\"_blank\" rel=\"noreferrer noopener nofollow\">Vingadores: Doutor Destino<\/a> come\u00e7ou a circular nas redes sociais h\u00e1 algumas horas, pouco depois da exibi\u00e7\u00e3o nas sess\u00f5es de <strong>Avatar: Fogo e Cinzas<\/strong> nos Estados Unidos.<\/p>\n<p>E como n\u00e3o poderia ser diferente, a apari\u00e7\u00e3o do Ciclope causou um verdadeiro alvoro\u00e7o.<\/p>\n<p>Pela primeira vez, veremos <strong>James Marsden<\/strong> dando vida ao mutante com seu ic\u00f4nico uniforme dos quadrinhos, e, ao que tudo indica, em uma representa\u00e7\u00e3o digna, ao contr\u00e1rio do que aconteceu na trilogia cl\u00e1ssica da <strong>20th Century FOX<\/strong>.<\/p>\n<p>E agora, <strong>Beau DeMayo<\/strong>, ex-roteirista da s\u00e9rie <strong>X-Men &#8217;97<\/strong>, decidiu se pronunciar.<\/p>\n<p>&#8220;<strong>\u00c9 importante, como f\u00e3s, honrar os artistas que tornaram isso realidade. #XMen97 e eu enfrentamos d\u00favidas e resist\u00eancia significativas do est\u00fadio quando insisti que o Ciclope fosse o personagem principal \u2014 em vez do Wolverine \u2014, ent\u00e3o \u00e9 estranho ver esse trailer e f\u00e3s creditando certas pessoas por &#8216;honrar o Ciclope&#8217;, quando essa foi uma mudan\u00e7a direta que s\u00f3 ocorreu ap\u00f3s o sucesso inesperado da s\u00e9rie animada<\/strong>,&#8221; disse.<\/p>\n<p>&#8220;<strong>Eu, por minha vez, sou grato a Chase Conley e Emi Yonemura por terem me apoiado e ajudado a executar essa parte da minha vis\u00e3o de restaurar o Ciclope<\/strong>,&#8221; acrescentou.<\/p>\n<p><strong>&#8220;Me incomoda ver Kevin Feige e a Marvel Studios creditando Jon Favreau e outros criadores brancos por definir o tom e a dire\u00e7\u00e3o do MCU, enquanto ignoram completamente o trabalho dos muitos colegas negros, queer, asi\u00e1ticos e latinos que realmente estabeleceram esse tom e provaram para o est\u00fadio \u2014 que ainda estava focada no Logan \u2014 que o Ciclope merece seu devido reconhecimento.<\/strong><\/p>\n<p><strong>Ainda mais desanimador \u00e9 ver colegas artistas como os Irm\u00e3os Russo ignorando completamente nosso trabalho \u00e1rduo e nossas contribui\u00e7\u00f5es, sendo que fizemos isso com um quarto dos recursos e do apoio que eles receberam. Mas, o importante \u00e9 que os f\u00e3s est\u00e3o felizes, e isso faz tudo valer a pena.<\/strong><\/p>\n<p><strong>Ainda assim, incentivaria os f\u00e3s de X-Men a entrarem em contato e demonstrarem carinho \u00e0 equipe de artistas e animadores que tornaram tudo isso poss\u00edvel<\/strong>,&#8221; completou.<\/p>\n<blockquote class=\"twitter-tweet\">\n<p lang=\"en\" dir=\"ltr\">It\u2019s important as fans to honor the artists that brought this to fruition. The <a href=\"https:\/\/twitter.com\/hashtag\/xmen97?src=hash&amp;ref_src=twsrc%5Etfw\" rel=\"nofollow noopener\" target=\"_blank\">#xmen97<\/a> and I faced significant doubt and resistance from the studio when I insisted Cyclops be the main character \u2014 instead of Wolverine \u2014 so it is weird to see this trailer and fans crediting certain\u2026 <a href=\"https:\/\/t.co\/cyXDL3mes6\" rel=\"nofollow\">pic.twitter.com\/cyXDL3mes6<\/a><\/p>\n<p>\u2014 Beau DeMayo (@BeauDemayo) <a href=\"https:\/\/twitter.com\/BeauDemayo\/status\/2005370954889761127?ref_src=twsrc%5Etfw\" rel=\"nofollow noopener\" target=\"_blank\">December 28, 2025<\/a><\/p>\n<\/blockquote>\n<p>Leia tamb\u00e9m sobre Vingadores: Doutor Destino<\/p>\n<p><strong>Vingadores: Doutor Destino<\/strong>\u00a0estreia nos cinemas em 18 de dezembro de 2026.<\/p>\n<p><strong>Fonte<\/strong>: <a href=\"https:\/\/x.com\/BeauDemayo\/status\/2005370954889761127\" target=\"_blank\" rel=\"noreferrer noopener nofollow\">X<\/a><\/p>\n<p><script async src=\"https:\/\/platform.twitter.com\/widgets.js\" charset=\"utf-8\"><\/script><\/p>\n","protected":false},"excerpt":{"rendered":"Estimated reading time: 3 minutos O terceiro teaser de Vingadores: Doutor Destino come\u00e7ou a circular nas redes sociais&hellip;\n","protected":false},"author":2,"featured_media":205819,"comment_status":"","ping_status":"","sticky":false,"template":"","format":"standard","meta":{"footnotes":""},"categories":[140],"tags":[114,115,147,148,792,12733,146,32,33,38893,8107],"class_list":{"0":"post-205818","1":"post","2":"type-post","3":"status-publish","4":"format-standard","5":"has-post-thumbnail","7":"category-filmes","8":"tag-entertainment","9":"tag-entretenimento","10":"tag-film","11":"tag-filmes","12":"tag-marvel","13":"tag-marvel-studios","14":"tag-movies","15":"tag-portugal","16":"tag-pt","17":"tag-vingadores-doutor-destino","18":"tag-x-men"},"share_on_mastodon":{"url":"https:\/\/pubeurope.com\/@pt\/115801864480428894","error":""},"_links":{"self":[{"href":"https:\/\/www.europesays.com\/pt\/wp-json\/wp\/v2\/posts\/205818","targetHints":{"allow":["GET"]}}],"collection":[{"href":"https:\/\/www.europesays.com\/pt\/wp-json\/wp\/v2\/posts"}],"about":[{"href":"https:\/\/www.europesays.com\/pt\/wp-json\/wp\/v2\/types\/post"}],"author":[{"embeddable":true,"href":"https:\/\/www.europesays.com\/pt\/wp-json\/wp\/v2\/users\/2"}],"replies":[{"embeddable":true,"href":"https:\/\/www.europesays.com\/pt\/wp-json\/wp\/v2\/comments?post=205818"}],"version-history":[{"count":0,"href":"https:\/\/www.europesays.com\/pt\/wp-json\/wp\/v2\/posts\/205818\/revisions"}],"wp:featuredmedia":[{"embeddable":true,"href":"https:\/\/www.europesays.com\/pt\/wp-json\/wp\/v2\/media\/205819"}],"wp:attachment":[{"href":"https:\/\/www.europesays.com\/pt\/wp-json\/wp\/v2\/media?parent=205818"}],"wp:term":[{"taxonomy":"category","embeddable":true,"href":"https:\/\/www.europesays.com\/pt\/wp-json\/wp\/v2\/categories?post=205818"},{"taxonomy":"post_tag","embeddable":true,"href":"https:\/\/www.europesays.com\/pt\/wp-json\/wp\/v2\/tags?post=205818"}],"curies":[{"name":"wp","href":"https:\/\/api.w.org\/{rel}","templated":true}]}}