{"id":205837,"date":"2025-12-29T08:25:11","date_gmt":"2025-12-29T08:25:11","guid":{"rendered":"https:\/\/www.europesays.com\/pt\/205837\/"},"modified":"2025-12-29T08:25:11","modified_gmt":"2025-12-29T08:25:11","slug":"os-vencedores-do-international-photographer-of-the-year-observador","status":"publish","type":"post","link":"https:\/\/www.europesays.com\/pt\/205837\/","title":{"rendered":"Os vencedores do International Photographer of the Year \u2013 Observador"},"content":{"rendered":"<p>A d\u00e9cima segunda edi\u00e7\u00e3o do <strong><a href=\"https:\/\/internationallandscapephotographer.com\/\" rel=\"nofollow noopener\" target=\"_blank\">The International Landscape Photographer of the Year <\/a><\/strong>premiou \u201cThe Land Before Time\u201d, do australiano Lukas Trixl, como a melhor foto de 2025 e o norte-americano J. Fritz Rumpf como o melhor fot\u00f3grafo do ano.<\/p>\n<p>Os tr\u00eas nomes no p\u00f3dio das duas competi\u00e7\u00f5es, tal como os cinco vencedores de cinco categorias especiais, receberam um pr\u00e9mio de 12.500 d\u00f3lares (cerca de 10.616 euros). Al\u00e9m destes 11 vencedores, o j\u00fari composto por seis especialistas selecionou as 501 melhores fotos de um total de 3.601 submetidas a concurso. Para a competi\u00e7\u00e3o dos melhores fot\u00f3grafos do ano, os concorrentes eram avaliados por um conjunto de quatro fotografias de paisagens submetidas.<\/p>\n<p>\u201cFelizmente, n\u00e3o sou juiz, apenas administrador e, nessa fun\u00e7\u00e3o, sinto que houve uma melhoria not\u00e1vel no n\u00edvel dos trabalhos apresentados \u2014 n\u00e3o apenas os 101 melhores, mas os 501 melhores. O trabalho tem sido simplesmente excelente\u201d, disse o presidente do j\u00fari, Peter Eastway.<\/p>\n","protected":false},"excerpt":{"rendered":"A d\u00e9cima segunda edi\u00e7\u00e3o do The International Landscape Photographer of the Year premiou \u201cThe Land Before Time\u201d, do&hellip;\n","protected":false},"author":2,"featured_media":205838,"comment_status":"","ping_status":"","sticky":false,"template":"","format":"standard","meta":{"footnotes":""},"categories":[144],"tags":[207,205,206,203,201,202,204,114,115,20286,861,32,33],"class_list":{"0":"post-205837","1":"post","2":"type-post","3":"status-publish","4":"format-standard","5":"has-post-thumbnail","7":"category-arte-e-design","8":"tag-arte","9":"tag-arte-e-design","10":"tag-artedesign","11":"tag-arts","12":"tag-arts-and-design","13":"tag-artsanddesign","14":"tag-design","15":"tag-entertainment","16":"tag-entretenimento","17":"tag-fotogaleria","18":"tag-observador","19":"tag-portugal","20":"tag-pt"},"share_on_mastodon":{"url":"","error":""},"_links":{"self":[{"href":"https:\/\/www.europesays.com\/pt\/wp-json\/wp\/v2\/posts\/205837","targetHints":{"allow":["GET"]}}],"collection":[{"href":"https:\/\/www.europesays.com\/pt\/wp-json\/wp\/v2\/posts"}],"about":[{"href":"https:\/\/www.europesays.com\/pt\/wp-json\/wp\/v2\/types\/post"}],"author":[{"embeddable":true,"href":"https:\/\/www.europesays.com\/pt\/wp-json\/wp\/v2\/users\/2"}],"replies":[{"embeddable":true,"href":"https:\/\/www.europesays.com\/pt\/wp-json\/wp\/v2\/comments?post=205837"}],"version-history":[{"count":0,"href":"https:\/\/www.europesays.com\/pt\/wp-json\/wp\/v2\/posts\/205837\/revisions"}],"wp:featuredmedia":[{"embeddable":true,"href":"https:\/\/www.europesays.com\/pt\/wp-json\/wp\/v2\/media\/205838"}],"wp:attachment":[{"href":"https:\/\/www.europesays.com\/pt\/wp-json\/wp\/v2\/media?parent=205837"}],"wp:term":[{"taxonomy":"category","embeddable":true,"href":"https:\/\/www.europesays.com\/pt\/wp-json\/wp\/v2\/categories?post=205837"},{"taxonomy":"post_tag","embeddable":true,"href":"https:\/\/www.europesays.com\/pt\/wp-json\/wp\/v2\/tags?post=205837"}],"curies":[{"name":"wp","href":"https:\/\/api.w.org\/{rel}","templated":true}]}}