{"id":20584,"date":"2025-08-08T01:28:06","date_gmt":"2025-08-08T01:28:06","guid":{"rendered":"https:\/\/www.europesays.com\/pt\/20584\/"},"modified":"2025-08-08T01:28:06","modified_gmt":"2025-08-08T01:28:06","slug":"como-o-microplastico-no-corpo-humano-pode-afetar-a-saude-07-08-2025-equilibrio-e-saude","status":"publish","type":"post","link":"https:\/\/www.europesays.com\/pt\/20584\/","title":{"rendered":"Como o micropl\u00e1stico no corpo humano pode afetar a sa\u00fade &#8211; 07\/08\/2025 &#8211; Equil\u00edbrio e Sa\u00fade"},"content":{"rendered":"<p><a href=\"https:\/\/www1.folha.uol.com.br\/ambiente\/2025\/07\/as-surpreendentes-formas-como-as-embalagens-de-alimentos-estao-nos-expondo-aos-microplasticos.shtml\" rel=\"nofollow noopener\" target=\"\">Part\u00edculas de pl\u00e1stico<\/a> j\u00e1 foram encontradas no <a href=\"https:\/\/www1.folha.uol.com.br\/equilibrioesaude\/2025\/04\/microplasticos-se-acumulam-no-cerebro-e-em-outros-orgaos-aponta-estudo.shtml\" rel=\"nofollow noopener\" target=\"\">c\u00e9rebro humano<\/a>, em art\u00e9rias, <a href=\"https:\/\/www1.folha.uol.com.br\/equilibrioesaude\/2024\/10\/bebes-podem-absorver-microplasticos-pela-placenta-materna-sugere-estudo.shtml\" rel=\"nofollow noopener\" target=\"\">placentas, cord\u00f5es umbilicais<\/a>, f\u00edgados, rins, pulm\u00f5es e test\u00edculos. Tamb\u00e9m h\u00e1 evid\u00eancias de que est\u00e3o circulando no nosso sangue. A cada novo estudo cient\u00edfico, a onipresen\u00e7a desses res\u00edduos ganha contornos mais preocupantes: se antes o pl\u00e1stico era considerado principalmente um<a href=\"https:\/\/www1.folha.uol.com.br\/ambiente\/2025\/08\/entenda-a-crise-de-poluicao-plastica-em-8-pontos.shtml\" rel=\"nofollow noopener\" target=\"\"> problema ambiental<\/a>, acumulando-se nas praias ou em ilhas flutuantes nos oceanos, agora ele <a href=\"https:\/\/www1.folha.uol.com.br\/ambiente\/2024\/07\/como-o-microplastico-foi-parar-dentro-do-corpo-humano-veja-video.shtml\" rel=\"nofollow noopener\" target=\"\">est\u00e1 dentro de n\u00f3s<\/a> \u2014e pode prejudicar tamb\u00e9m nossa <a href=\"https:\/\/www1.folha.uol.com.br\/folha-topicos\/saude\/\" rel=\"nofollow noopener\" target=\"_blank\">sa\u00fade<\/a>.<\/p>\n<p>Um estudo <a href=\"https:\/\/www.nejm.org\/doi\/10.1056\/NEJMoa2309822\" rel=\"nofollow noopener\" target=\"_blank\">publicado em 2024 no New England Journal of Medicine<\/a> detectou pl\u00e1sticos em placas ateroscler\u00f3ticas removidas de art\u00e9rias car\u00f3tidas. A presen\u00e7a dessas part\u00edculas foi associada a um risco maior de infarto, acidente vascular cerebral (AVC) ou morte em um per\u00edodo de 34 meses, em compara\u00e7\u00e3o a pacientes cujas placas estavam livres de pl\u00e1stico.<\/p>\n<p>J\u00e1 um trabalho publicado em fevereiro <a href=\"https:\/\/www.nature.com\/articles\/s41591-024-03453-1\" target=\"_blank\" rel=\"nofollow noopener\">na Nature medicine<\/a> confirmou a presen\u00e7a de micropl\u00e1sticos em c\u00e9rebros, rins e f\u00edgados de cad\u00e1veres. As part\u00edculas foram <a href=\"https:\/\/www1.folha.uol.com.br\/equilibrio\/2024\/02\/garrafa-de-agua-de-plastico-pode-prejudicar-sua-saude-especialistas-respondem.shtml\" rel=\"nofollow noopener\" target=\"\">encontradas em todos os tecidos cerebrais<\/a> analisados, com predomin\u00e2ncia do polietileno, material de sacolas pl\u00e1sticas e embalagens de alimentos.<\/p>\n<p>&#8220;A situa\u00e7\u00e3o est\u00e1 em um ponto muito cr\u00edtico porque j\u00e1 passou de uma polui\u00e7\u00e3o externa, de vermos pl\u00e1stico espalhado por todo lugar e principalmente nos oceanos. Agora tamb\u00e9m \u00e9 algo que est\u00e1 dentro de todos n\u00f3s&#8221;, resume a enfermeira Lis Le\u00e3o, pesquisadora s\u00eanior do Centro de Ensino e Pesquisa Albert Einstein, do Einstein Hospital Israelita, e editora do livro Natureza, Clima e Sa\u00fade P\u00fablica (2024).<\/p>\n<p>A m\u00e9dica patologista Thais Mauad, professora da <a href=\"https:\/\/www1.folha.uol.com.br\/folha-topicos\/universidade\/\" rel=\"nofollow noopener\" target=\"_blank\">Universidade<\/a> de S\u00e3o Paulo (<a href=\"https:\/\/www1.folha.uol.com.br\/folha-topicos\/usp\/\" rel=\"nofollow noopener\" target=\"_blank\">USP<\/a>), compartilha dessa preocupa\u00e7\u00e3o e diz imaginar que n\u00e3o exista um ser humano sem pl\u00e1stico circulando no corpo. &#8220;Acredito que todo mundo que esteja em meio urbano, que tenha contato com alimentos, que compra comida nos mercados, est\u00e1 comendo pl\u00e1stico&#8221;, afirma.<\/p>\n<p>Tr\u00eas vias de exposi\u00e7\u00e3o<\/p>\n<p>A exposi\u00e7\u00e3o a micro e nanopl\u00e1sticos ocorre por diferentes caminhos \u2014e com uma frequ\u00eancia dif\u00edcil de evitar. Segundo Mauad, s\u00e3o tr\u00eas principais vias: pela <a href=\"https:\/\/www1.folha.uol.com.br\/ambiente\/2025\/07\/as-surpreendentes-formas-como-as-embalagens-de-alimentos-estao-nos-expondo-aos-microplasticos.shtml\" rel=\"nofollow noopener\" target=\"\">alimenta\u00e7\u00e3o<\/a>, pela <a href=\"https:\/\/www1.folha.uol.com.br\/ambiente\/2024\/10\/cientistas-encontram-microplasticos-no-trato-respiratorio-de-golfinhos.shtml\" rel=\"nofollow noopener\" target=\"\">respira\u00e7\u00e3o <\/a>e, possivelmente, pela absor\u00e7\u00e3o da pele. &#8220;A gente sabe que a \u00e1gua est\u00e1 contaminada, que todos os alimentos t\u00eam contamina\u00e7\u00e3o, principalmente os do mar, embutidos em pl\u00e1stico&#8221;, explica a patologista. &#8220;Quando as pessoas passam aqueles cremes que t\u00eam micropl\u00e1stico, os esfoliantes, isso tamb\u00e9m tem risco de ser absorvido.&#8221;<\/p>\n<p>Part\u00edculas tamb\u00e9m flutuam no ar, resultado do desgaste de pneus, de emiss\u00f5es industriais ou da ressuspens\u00e3o de res\u00edduos no solo, por exemplo. &#8220;A gente inala micropl\u00e1stico&#8221;, resume Thais Mauad. Uma vez no corpo, esses pol\u00edmeros podem alcan\u00e7ar qualquer \u00f3rg\u00e3o. Outro estudo da Universidade do Novo M\u00e9xico, esse <a href=\"https:\/\/academic.oup.com\/toxsci\/article\/200\/2\/235\/7673133?login=false\" rel=\"nofollow noopener\" target=\"_blank\">publicado no peri\u00f3dico Toxicological Sciences<\/a>, detectou micropl\u00e1sticos em todas as amostras de test\u00edculos humanos analisadas, com m\u00e9dia de 328 microgramas por grama de tecido \u2013valores ainda mais altos que os encontrados em placentas e algumas regi\u00f5es do c\u00e9rebro. &#8220;Em todos os tecidos em que os micropl\u00e1sticos foram procurados, eles foram encontrados&#8221;, resume a professora da USP.<\/p>\n<p>Efeito potencialmente t\u00f3xico<\/p>\n<p>A lista de pl\u00e1sticos j\u00e1 encontrados em tecidos humanos inclui polietileno, PVC, poliestireno, poliuretano e PET. Al\u00e9m de atuarem como corpos estranhos, capazes de provocar inflama\u00e7\u00f5es e altera\u00e7\u00f5es celulares, eles carregam aditivos potencialmente t\u00f3xicos \u2014 como plastificantes, pigmentos e retardadores de chama\u2014, cujos efeitos no organismo ainda s\u00e3o investigados.<\/p>\n<p>&#8220;Embora a gente tenha dados que ainda s\u00e3o preliminares, sabemos que os micropl\u00e1sticos podem induzir inflama\u00e7\u00f5es cr\u00f4nicas, <a href=\"https:\/\/www1.folha.uol.com.br\/equilibrioesaude\/2025\/07\/especialistas-em-saude-dos-eua-reavaliam-riscos-da-reposicao-hormonal-para-menopausa.shtml\" rel=\"nofollow noopener\" target=\"\">altera\u00e7\u00f5es hormonais<\/a>, ter efeitos t\u00f3xicos sobre os sistemas nervoso e imunol\u00f3gico&#8221;, afirma Lis Le\u00e3o. &#8220;Eles tamb\u00e9m carregam compostos qu\u00edmicos que podem interferir nos nossos processos biol\u00f3gicos.&#8221;<\/p>\n<p>Estudos laboratoriais e modelos animais indicam poss\u00edveis efeitos adversos para a sa\u00fade. Pesquisas publicadas nos peri\u00f3dicos <a href=\"https:\/\/particleandfibretoxicology.biomedcentral.com\/articles\/10.1186\/s12989-024-00578-6?\" rel=\"nofollow noopener\" target=\"_blank\">Particle and Fibre Toxicology<\/a> e <a href=\"https:\/\/www.sciencedirect.com\/science\/article\/pii\/S0160412022002008\" rel=\"nofollow noopener\" target=\"_blank\">Environment<\/a><a href=\"https:\/\/www.sciencedirect.com\/science\/article\/pii\/S0160412022002008\" target=\"_blank\" rel=\"nofollow noopener\">International<\/a> mostraram que os micropl\u00e1sticos podem afetar o <a href=\"https:\/\/www1.folha.uol.com.br\/equilibrio\/2025\/05\/de-analgesicos-a-falta-de-sono-sete-habitos-comuns-que-podem-estar-prejudicando-seus-rins.shtml\" rel=\"nofollow noopener\" target=\"\">metabolismo hep\u00e1tico<\/a> e aumentar o risco de <a href=\"https:\/\/www1.folha.uol.com.br\/equilibrio\/2023\/10\/cansaco-e-vontade-de-comer-doce-podem-ser-sinais-de-resistencia-a-insulina.shtml\" rel=\"nofollow noopener\" target=\"\">resist\u00eancia \u00e0 insulina<\/a>. Outro estudo sugeriu impactos no sistema reprodutivo, com evid\u00eancias iniciais de presen\u00e7a de part\u00edculas no fluido folicular humano.<\/p>\n<p>Risco naturalizado pela vida moderna<\/p>\n<p>A falta de informa\u00e7\u00e3o ajuda a explicar por que, apesar das evid\u00eancias cient\u00edficas acumuladas sobre a presen\u00e7a de micropl\u00e1sticos no organismo humano e seus potenciais riscos \u00e0 sa\u00fade, a resposta da sociedade ainda \u00e9 t\u00edmida. Parte dessa in\u00e9rcia tamb\u00e9m se deve \u00e0 forma como o pl\u00e1stico foi naturalizado na vida moderna: ele representa conveni\u00eancia, acessibilidade e velocidade. &#8220;Se o pl\u00e1stico faz parte da nossa vida e est\u00e1 em todo lugar, ent\u00e3o a sociedade ainda n\u00e3o consegue perceb\u00ea-lo como uma real amea\u00e7a&#8221;, aponta Le\u00e3o.<\/p>\n<p>Somado a isso, h\u00e1 a invisibilidade da contamina\u00e7\u00e3o. Micro (menos de 5 mil\u00edmetros) e nanopl\u00e1sticos (menos de 1 micr\u00f4metro), por defini\u00e7\u00e3o, n\u00e3o podem ser vistos a olho nu \u2014o que dificulta que a amea\u00e7a seja percebida com a urg\u00eancia que merece.<\/p>\n<p>Isso se reflete na aus\u00eancia de uma mobiliza\u00e7\u00e3o pol\u00edtica e regulat\u00f3ria mais contundente. Enquanto alguns pa\u00edses avan\u00e7am em pol\u00edticas restritivas, o Brasil, por exemplo, ainda n\u00e3o aderiu a compromissos globais como o <a href=\"https:\/\/www1.folha.uol.com.br\/ambiente\/2025\/08\/representantes-de-180-paises-voltam-a-discutir-tratado-global-contra-poluicao-plastica.shtml\" rel=\"nofollow noopener\" target=\"\">Tratado Global do Pl\u00e1stico<\/a>, em negocia\u00e7\u00e3o na Organiza\u00e7\u00e3o das Na\u00e7\u00f5es Unidas (<a href=\"https:\/\/www1.folha.uol.com.br\/folha-topicos\/onu\/\" rel=\"nofollow noopener\" target=\"_blank\">ONU<\/a>) desde 2022.<\/p>\n<p>Cultura do descart\u00e1vel<\/p>\n<p>Diante da ubiquidade dessas part\u00edculas no corpo humano, cientistas come\u00e7am a investigar poss\u00edveis <a href=\"https:\/\/www1.folha.uol.com.br\/ambiente\/2024\/11\/metodo-de-baixo-custo-remove-micro-e-nanoplasticos-da-agua.shtml\" rel=\"nofollow noopener\" target=\"\">m\u00e9todos de remo\u00e7\u00e3o<\/a>. Um estudo publicado no peri\u00f3dico <a href=\"https:\/\/genomicpress.kglmeridian.com\/view\/journals\/brainmed\/1\/3\/article-p52.xml\" rel=\"nofollow noopener\" target=\"_blank\">Brain Medicine<\/a>, conduzido por pesquisadores da Universidade T\u00e9cnica de Dresden, na Alemanha, sugeriu que a af\u00e9rese terap\u00eautica \u2014t\u00e9cnica de filtra\u00e7\u00e3o sangu\u00ednea utilizada em algumas doen\u00e7as autoimune \u2014 pode ser uma via promissora.<\/p>\n<p>O procedimento foi aplicado em pacientes com <a href=\"https:\/\/www1.folha.uol.com.br\/equilibrioesaude\/2025\/07\/entenda-o-que-e-a-sindrome-da-fadiga-cronica-doenca-que-causa-cansaco-extremo.shtml\" rel=\"nofollow noopener\" target=\"\">encefalomielite mi\u00e1lgica<\/a>, e os res\u00edduos descartados pelo equipamento foram analisados por espectroscopia. As an\u00e1lises revelaram compostos com caracter\u00edsticas semelhantes \u00e0 poliamida e ao poliuretano, dois pl\u00e1sticos amplamente usados.<\/p>\n<p>Outro caminho para mitigar os impactos \u00e9 a <a href=\"https:\/\/www1.folha.uol.com.br\/equilibrioesaude\/2025\/07\/sou-pesquisadora-em-microplasticos-veja-como-limito-o-uso-de-plastico-na-minha-vida.shtml\" rel=\"nofollow noopener\" target=\"\">redu\u00e7\u00e3o do uso de pl\u00e1sticos descart\u00e1veis<\/a> e a substitui\u00e7\u00e3o por materiais biodegrad\u00e1veis ou reutiliz\u00e1veis. &#8220;Temos que parar com a cultura do descart\u00e1vel. Grande parte do pl\u00e1stico que est\u00e1 na natureza vem de coisas que voc\u00ea usa por um minuto e joga fora, como abrir uma garrafa d\u2019\u00e1gua&#8221;, diz Mauad.<\/p>\n<p>    Cuide-se<\/p>\n<p class=\"c-newsletter__subtitle\">Ci\u00eancia, h\u00e1bitos e preven\u00e7\u00e3o numa newsletter para a sua sa\u00fade e bem-estar<\/p>\n<p>Para al\u00e9m das escolhas individuais, a pesquisadora do Einstein defende uma transforma\u00e7\u00e3o mais ampla baseada principalmente na <a href=\"https:\/\/www1.folha.uol.com.br\/folha\/equilibrio\/equi20000908_eduprocesso.shtml\" rel=\"nofollow noopener\" target=\"\">educa\u00e7\u00e3o ambiental<\/a>. &#8220;Precisa ser iniciada desde a inf\u00e2ncia e seguir por toda a vida. A educa\u00e7\u00e3o ambiental pode despertar uma consci\u00eancia mais cr\u00edtica, conectar melhor as escolhas individuais das pessoas e levar isso de uma forma coletiva a pressionar por mudan\u00e7as mais estruturais&#8221;, avalia Le\u00e3o.<\/p>\n<p>Nesse cen\u00e1rio, \u00e9 preciso tamb\u00e9m incluir a ind\u00fastria na pauta da responsabilidade estendida do produtor \u2014 princ\u00edpio que transfere aos fabricantes a responsabilidade pelo ciclo de vida de seus produtos, do in\u00edcio ao fim\u2014, j\u00e1 aplicada em setores como o de eletroeletr\u00f4nicos.<\/p>\n","protected":false},"excerpt":{"rendered":"Part\u00edculas de pl\u00e1stico j\u00e1 foram encontradas no c\u00e9rebro humano, em art\u00e9rias, placentas, cord\u00f5es umbilicais, f\u00edgados, rins, pulm\u00f5es e&hellip;\n","protected":false},"author":2,"featured_media":20585,"comment_status":"","ping_status":"","sticky":false,"template":"","format":"standard","meta":{"footnotes":""},"categories":[86],"tags":[1467,2369,547,1468,1031,1493,4533,1029,236,116,5676,5630,2778,910,5818,32,33,117,3062],"class_list":{"0":"post-20584","1":"post","2":"type-post","3":"status-publish","4":"format-standard","5":"has-post-thumbnail","7":"category-saude","8":"tag-agua","9":"tag-alimentacao","10":"tag-alimentacao-saudavel","11":"tag-alimentos","12":"tag-autocuidado","13":"tag-avc","14":"tag-comida","15":"tag-cuide-se","16":"tag-folha","17":"tag-health","18":"tag-infarto","19":"tag-microplasticos","20":"tag-oms","21":"tag-onu","22":"tag-plastico","23":"tag-portugal","24":"tag-pt","25":"tag-saude","26":"tag-universidade"},"share_on_mastodon":{"url":"","error":""},"_links":{"self":[{"href":"https:\/\/www.europesays.com\/pt\/wp-json\/wp\/v2\/posts\/20584","targetHints":{"allow":["GET"]}}],"collection":[{"href":"https:\/\/www.europesays.com\/pt\/wp-json\/wp\/v2\/posts"}],"about":[{"href":"https:\/\/www.europesays.com\/pt\/wp-json\/wp\/v2\/types\/post"}],"author":[{"embeddable":true,"href":"https:\/\/www.europesays.com\/pt\/wp-json\/wp\/v2\/users\/2"}],"replies":[{"embeddable":true,"href":"https:\/\/www.europesays.com\/pt\/wp-json\/wp\/v2\/comments?post=20584"}],"version-history":[{"count":0,"href":"https:\/\/www.europesays.com\/pt\/wp-json\/wp\/v2\/posts\/20584\/revisions"}],"wp:featuredmedia":[{"embeddable":true,"href":"https:\/\/www.europesays.com\/pt\/wp-json\/wp\/v2\/media\/20585"}],"wp:attachment":[{"href":"https:\/\/www.europesays.com\/pt\/wp-json\/wp\/v2\/media?parent=20584"}],"wp:term":[{"taxonomy":"category","embeddable":true,"href":"https:\/\/www.europesays.com\/pt\/wp-json\/wp\/v2\/categories?post=20584"},{"taxonomy":"post_tag","embeddable":true,"href":"https:\/\/www.europesays.com\/pt\/wp-json\/wp\/v2\/tags?post=20584"}],"curies":[{"name":"wp","href":"https:\/\/api.w.org\/{rel}","templated":true}]}}