{"id":205843,"date":"2025-12-29T08:30:12","date_gmt":"2025-12-29T08:30:12","guid":{"rendered":"https:\/\/www.europesays.com\/pt\/205843\/"},"modified":"2025-12-29T08:30:12","modified_gmt":"2025-12-29T08:30:12","slug":"sao-silvestre-juntou-18-mil-pessoas-a-correr-nas-ruas-do-porto","status":"publish","type":"post","link":"https:\/\/www.europesays.com\/pt\/205843\/","title":{"rendered":"S\u00e3o Silvestre juntou 18 mil pessoas a correr nas ruas do Porto"},"content":{"rendered":"<p data-remotead-prev-elm=\"true\" data-remotead-elm-id=\"inread\">As inscri\u00e7\u00f5es esgotaram, o que diz bem do sucesso da 31.\u00aa Lidl S\u00e3o Silvestre Cidade do Porto, que, no domingo, animou a cidade. Foram 18 mil participantes, oriundos de 55 pa\u00edses, que alinharam na tradicional iniciativa de final de ano, com 14 mil a competirem na corrida principal de dez quil\u00f3metros, enquanto quatro mil optaram pela caminhada de cinco quil\u00f3metros.<\/p>\n<p>No circuito de dez quil\u00f3metros, com come\u00e7o e conclus\u00e3o na Avenida dos Aliados, Rui Pinto conseguiu o seu segundo triunfo, com o tempo de 28.48 minutos, uma marca que ultrapassa largamente os 30.01 minutos com que havia vencido a edi\u00e7\u00e3o anterior. O atleta do Sporting conseguiu destacar-se da concorr\u00eancia de Andr\u00e9 Pereira (29.23 minutos), do Santo Tecla, e do benfiquista Jo\u00e3o Amaro (29.52), novamente terceiro, que fecharam o p\u00f3dio no setor masculino.<\/p>\n<p><img decoding=\"async\" class=\"ngx-body\" guid=\"412dde63-b019-4df1-8548-fa04ccb09870\" src=\"https:\/\/www.europesays.com\/pt\/wp-content\/uploads\/2025\/12\/1766997011_800_image.webp.webp\" width=\"100%\"\/>Rui Pinto, do Sporting, conseguiu o seu segundo triunfo, com o tempo de 28.48 minutos<\/p>\n<p data-remotead-prev-elm=\"true\" data-remotead-elm-id=\"centro1\">Entre as mulheres Mariana Machado conquistou a prova pelo terceiro ano consecutivo, concluindo em 33.21 minutos, o mesmo tempo registado na \u00faltima edi\u00e7\u00e3o, superando Susana Godinho Santos (Recreio Desportivo de \u00c1gueda), com 33.44, e M\u00f3nica Silva (S\u00e3o Salvador do Campo), com 34.10.<\/p>\n<p><img decoding=\"async\" class=\"ngx-body\" guid=\"d59dc0af-258f-482f-b2a7-6b016e8b996d\" src=\"https:\/\/www.europesays.com\/pt\/wp-content\/uploads\/2025\/12\/1766997011_4_image.webp.webp\" width=\"100%\"\/>Susana Godinho, Mariana Machado e M\u00f3nica Silva na meta<\/p>\n<p><img decoding=\"async\" class=\"ngx-body\" guid=\"90ec5432-0c6e-4dc9-bfab-95a7f448ea59\" src=\"https:\/\/www.europesays.com\/pt\/wp-content\/uploads\/2025\/12\/1766997011_568_image.webp.webp\" width=\"100%\"\/>Pepe acenou aos presentes quando cortou a meta<\/p>\n<p data-remotead-prev-elm=\"true\" data-remotead-elm-id=\"centro2\"><img decoding=\"async\" class=\"ngx-body\" guid=\"2f7e8b21-d289-4f05-a61e-1639226df77e\" src=\"https:\/\/www.europesays.com\/pt\/wp-content\/uploads\/2025\/12\/1766997012_268_image.webp.webp\" width=\"100%\"\/>Ex-F. C. Porto tirou fotos com outros participantes<\/p>\n<p>O ex-jogador do F. C. Porto, Pepe, tamb\u00e9m participou na corrida. Ap\u00f3s cruzar a meta, tirou fotografias com alguns participantes.<\/p>\n","protected":false},"excerpt":{"rendered":"As inscri\u00e7\u00f5es esgotaram, o que diz bem do sucesso da 31.\u00aa Lidl S\u00e3o Silvestre Cidade do Porto, que,&hellip;\n","protected":false},"author":2,"featured_media":205844,"comment_status":"","ping_status":"","sticky":false,"template":"","format":"standard","meta":{"footnotes":""},"categories":[87],"tags":[32522,20018,40609,135,32,33,134],"class_list":{"0":"post-205843","1":"post","2":"type-post","3":"status-publish","4":"format-standard","5":"has-post-thumbnail","7":"category-desporto","8":"tag-avenida-dos-aliados","9":"tag-concelho-porto","10":"tag-corrida-de-sao-silvestre","11":"tag-desporto","12":"tag-portugal","13":"tag-pt","14":"tag-sports"},"share_on_mastodon":{"url":"https:\/\/pubeurope.com\/@pt\/115801923581562791","error":""},"_links":{"self":[{"href":"https:\/\/www.europesays.com\/pt\/wp-json\/wp\/v2\/posts\/205843","targetHints":{"allow":["GET"]}}],"collection":[{"href":"https:\/\/www.europesays.com\/pt\/wp-json\/wp\/v2\/posts"}],"about":[{"href":"https:\/\/www.europesays.com\/pt\/wp-json\/wp\/v2\/types\/post"}],"author":[{"embeddable":true,"href":"https:\/\/www.europesays.com\/pt\/wp-json\/wp\/v2\/users\/2"}],"replies":[{"embeddable":true,"href":"https:\/\/www.europesays.com\/pt\/wp-json\/wp\/v2\/comments?post=205843"}],"version-history":[{"count":0,"href":"https:\/\/www.europesays.com\/pt\/wp-json\/wp\/v2\/posts\/205843\/revisions"}],"wp:featuredmedia":[{"embeddable":true,"href":"https:\/\/www.europesays.com\/pt\/wp-json\/wp\/v2\/media\/205844"}],"wp:attachment":[{"href":"https:\/\/www.europesays.com\/pt\/wp-json\/wp\/v2\/media?parent=205843"}],"wp:term":[{"taxonomy":"category","embeddable":true,"href":"https:\/\/www.europesays.com\/pt\/wp-json\/wp\/v2\/categories?post=205843"},{"taxonomy":"post_tag","embeddable":true,"href":"https:\/\/www.europesays.com\/pt\/wp-json\/wp\/v2\/tags?post=205843"}],"curies":[{"name":"wp","href":"https:\/\/api.w.org\/{rel}","templated":true}]}}