{"id":205858,"date":"2025-12-29T08:38:11","date_gmt":"2025-12-29T08:38:11","guid":{"rendered":"https:\/\/www.europesays.com\/pt\/205858\/"},"modified":"2025-12-29T08:38:11","modified_gmt":"2025-12-29T08:38:11","slug":"de-preto-nunca-me-comprometo-cristina-ferreira-deslumbrante-em-mais-uma-gala-secret-story","status":"publish","type":"post","link":"https:\/\/www.europesays.com\/pt\/205858\/","title":{"rendered":"\u00abDe preto nunca me comprometo\u00bb: Cristina Ferreira deslumbrante em mais uma gala &#8211; Secret Story"},"content":{"rendered":"<p>\n                    Veja o look deslumbrante de Cristina Ferreira na reta final do programa.\n                <\/p>\n<p data-end=\"319\" data-start=\"0\">Cristina Ferreira voltou a provar porque \u00e9 uma das figuras mais influentes da televis\u00e3o portuguesa ao surgir com um look absolutamente deslumbrante na semifinal do Secret Story 9.<\/p>\n<p data-end=\"319\" data-start=\"0\">A apresentadora escolheu um visual que aliou eleg\u00e2ncia, sofistica\u00e7\u00e3o e uma forte presen\u00e7a c\u00e9nica, captando de imediato todas as aten\u00e7\u00f5es.<\/p>\n<p data-end=\"744\" data-start=\"321\">O vestido preto destacou-se pela sua silhueta estruturada e feminina. Com um decote elegante e ousado na medida certa, a pe\u00e7a valorizou a postura confiante de Cristina, real\u00e7ando a sua imagem de mulher segura e determinada.<\/p>\n<p data-end=\"744\" data-start=\"321\">O comprimento longo, com uma queda fluida at\u00e9 ao ch\u00e3o, acrescentou dramatismo e um toque de glamour cl\u00e1ssico, perfeito para uma noite decisiva do formato.<\/p>\n<p data-end=\"744\" data-start=\"321\">Percorra a galeria de fotografias que prepar\u00e1mos para si com as imagens deste look deslumbrante.\u00a0<\/p>\n","protected":false},"excerpt":{"rendered":"Veja o look deslumbrante de Cristina Ferreira na reta final do programa. Cristina Ferreira voltou a provar porque&hellip;\n","protected":false},"author":2,"featured_media":205859,"comment_status":"","ping_status":"","sticky":false,"template":"","format":"standard","meta":{"footnotes":""},"categories":[145],"tags":[211,210,166,114,115,18672,18673,18674,4319,32,33],"class_list":{"0":"post-205858","1":"post","2":"type-post","3":"status-publish","4":"format-standard","5":"has-post-thumbnail","7":"category-celebridades","8":"tag-celebridades","9":"tag-celebrities","10":"tag-cristina-ferreira","11":"tag-entertainment","12":"tag-entretenimento","13":"tag-fotos-oficiais-secret-story","14":"tag-galerias-casa-dos-segredos","15":"tag-imagens-concorrentes-tvi","16":"tag-look","17":"tag-portugal","18":"tag-pt"},"share_on_mastodon":{"url":"","error":""},"_links":{"self":[{"href":"https:\/\/www.europesays.com\/pt\/wp-json\/wp\/v2\/posts\/205858","targetHints":{"allow":["GET"]}}],"collection":[{"href":"https:\/\/www.europesays.com\/pt\/wp-json\/wp\/v2\/posts"}],"about":[{"href":"https:\/\/www.europesays.com\/pt\/wp-json\/wp\/v2\/types\/post"}],"author":[{"embeddable":true,"href":"https:\/\/www.europesays.com\/pt\/wp-json\/wp\/v2\/users\/2"}],"replies":[{"embeddable":true,"href":"https:\/\/www.europesays.com\/pt\/wp-json\/wp\/v2\/comments?post=205858"}],"version-history":[{"count":0,"href":"https:\/\/www.europesays.com\/pt\/wp-json\/wp\/v2\/posts\/205858\/revisions"}],"wp:featuredmedia":[{"embeddable":true,"href":"https:\/\/www.europesays.com\/pt\/wp-json\/wp\/v2\/media\/205859"}],"wp:attachment":[{"href":"https:\/\/www.europesays.com\/pt\/wp-json\/wp\/v2\/media?parent=205858"}],"wp:term":[{"taxonomy":"category","embeddable":true,"href":"https:\/\/www.europesays.com\/pt\/wp-json\/wp\/v2\/categories?post=205858"},{"taxonomy":"post_tag","embeddable":true,"href":"https:\/\/www.europesays.com\/pt\/wp-json\/wp\/v2\/tags?post=205858"}],"curies":[{"name":"wp","href":"https:\/\/api.w.org\/{rel}","templated":true}]}}