{"id":205860,"date":"2025-12-29T08:39:18","date_gmt":"2025-12-29T08:39:18","guid":{"rendered":"https:\/\/www.europesays.com\/pt\/205860\/"},"modified":"2025-12-29T08:39:18","modified_gmt":"2025-12-29T08:39:18","slug":"comecou-a-dedicar-se-a-arte-aos-30-anos-nit","status":"publish","type":"post","link":"https:\/\/www.europesays.com\/pt\/205860\/","title":{"rendered":"Come\u00e7ou a dedicar-se \u00e0 arte aos 30 anos \u2014 NiT"},"content":{"rendered":"<p>\t\t\t\t\t\tCome\u00e7ou a dedicar-se \u00e0 arte aos 30 anos<\/p>\n<p>\t\t\t\t\t\t\t<a id=\"icClose\" href=\"#\" class=\"lightbox-close-button\" onclick=\"unlockScroll()\"><img decoding=\"async\" id=\"icClose-img\" src=\"https:\/\/www.europesays.com\/pt\/wp-content\/uploads\/2025\/10\/ic-close-off.png\" style=\"width: 48px; height: 48px;\"\/><\/a><br \/>\n\t\t\t\t\t\t\t<img decoding=\"async\" src=\"https:\/\/www.europesays.com\/pt\/wp-content\/uploads\/2025\/12\/0328bbcf2cbc831d7747dbfdecfc51e1.jpg\"\/><\/p>\n<p>\u201cSempre quis ser pintora, a verdade \u00e9 essa. Mas s\u00f3 dos 29 para os 30 anos \u00e9 que comecei a dedicar-me a 100 por cento \u00e0 arte\u201d, partilha. De 2017 para 2018, a arte deixou de ser um hobby e transformou-se na ocupa\u00e7\u00e3o principal de Patr\u00edcia.<\/p>\n","protected":false},"excerpt":{"rendered":"Come\u00e7ou a dedicar-se \u00e0 arte aos 30 anos \u201cSempre quis ser pintora, a verdade \u00e9 essa. Mas s\u00f3&hellip;\n","protected":false},"author":2,"featured_media":205861,"comment_status":"","ping_status":"","sticky":false,"template":"","format":"standard","meta":{"footnotes":""},"categories":[144],"tags":[207,205,206,203,201,202,204,114,115,32,33],"class_list":{"0":"post-205860","1":"post","2":"type-post","3":"status-publish","4":"format-standard","5":"has-post-thumbnail","7":"category-arte-e-design","8":"tag-arte","9":"tag-arte-e-design","10":"tag-artedesign","11":"tag-arts","12":"tag-arts-and-design","13":"tag-artsanddesign","14":"tag-design","15":"tag-entertainment","16":"tag-entretenimento","17":"tag-portugal","18":"tag-pt"},"share_on_mastodon":{"url":"https:\/\/pubeurope.com\/@pt\/115801958830822937","error":""},"_links":{"self":[{"href":"https:\/\/www.europesays.com\/pt\/wp-json\/wp\/v2\/posts\/205860","targetHints":{"allow":["GET"]}}],"collection":[{"href":"https:\/\/www.europesays.com\/pt\/wp-json\/wp\/v2\/posts"}],"about":[{"href":"https:\/\/www.europesays.com\/pt\/wp-json\/wp\/v2\/types\/post"}],"author":[{"embeddable":true,"href":"https:\/\/www.europesays.com\/pt\/wp-json\/wp\/v2\/users\/2"}],"replies":[{"embeddable":true,"href":"https:\/\/www.europesays.com\/pt\/wp-json\/wp\/v2\/comments?post=205860"}],"version-history":[{"count":0,"href":"https:\/\/www.europesays.com\/pt\/wp-json\/wp\/v2\/posts\/205860\/revisions"}],"wp:featuredmedia":[{"embeddable":true,"href":"https:\/\/www.europesays.com\/pt\/wp-json\/wp\/v2\/media\/205861"}],"wp:attachment":[{"href":"https:\/\/www.europesays.com\/pt\/wp-json\/wp\/v2\/media?parent=205860"}],"wp:term":[{"taxonomy":"category","embeddable":true,"href":"https:\/\/www.europesays.com\/pt\/wp-json\/wp\/v2\/categories?post=205860"},{"taxonomy":"post_tag","embeddable":true,"href":"https:\/\/www.europesays.com\/pt\/wp-json\/wp\/v2\/tags?post=205860"}],"curies":[{"name":"wp","href":"https:\/\/api.w.org\/{rel}","templated":true}]}}