{"id":205868,"date":"2025-12-29T08:45:12","date_gmt":"2025-12-29T08:45:12","guid":{"rendered":"https:\/\/www.europesays.com\/pt\/205868\/"},"modified":"2025-12-29T08:45:12","modified_gmt":"2025-12-29T08:45:12","slug":"o-exercicio-que-limpa-a-mente-e-combate-a-ansiedade-sem-precisar-de-remedios","status":"publish","type":"post","link":"https:\/\/www.europesays.com\/pt\/205868\/","title":{"rendered":"O exerc\u00edcio que &#8216;limpa&#8217; a mente e combate a ansiedade sem precisar de rem\u00e9dios"},"content":{"rendered":"<p>\n\t\t\t\t\t\tO impacto positivo do movimento no c\u00e9rebro n\u00e3o \u00e9 apenas subjetivo, mas fisiol\u00f3gico \/ Freepik\n\t\t\t\t\t<\/p>\n<p>Em um pa\u00eds que det\u00e9m o t\u00edtulo de mais ansioso do mundo, segundo a Organiza\u00e7\u00e3o Mundial da <a href=\"https:\/\/www.diariodolitoral.com.br\/tags\/saude\/\" rel=\"nofollow noopener\" target=\"_blank\">Sa\u00fade<\/a> (OMS), a busca por al\u00edvio mental tem levado muitos brasileiros a trocarem o div\u00e3 \u2014 ou a somarem a ele \u2014 o ambiente das academias.\u00a0<\/p>\n<p><strong>Fa\u00e7a parte do grupo do Di\u00e1rio no <\/strong><a href=\"https:\/\/bit.ly\/CanalDiarioDoLitoral\" target=\"_blank\" rel=\"nofollow noopener\">WhatsApp<\/a> <strong>e<\/strong> <a href=\"https:\/\/t.me\/diariodolitoral\" target=\"_blank\" rel=\"nofollow\">Telegram<\/a><strong>.<br \/>Mantenha-se bem informado.<\/strong><\/p>\n<p>Em Santos, o personal trainer Rafael Flor\u00eancio tem transformado a rotina de seus alunos ao propor uma abordagem onde o treino tradicional d\u00e1 lugar ao suporte emocional.\u00a0\n\t\t\t<\/p>\n<p class=\"texto-continue listagem-detalhe\">Continua depois da publicidade<\/p>\n<p>&#8220;A atividade f\u00edsica \u00e9 uma das ferramentas mais poderosas que temos para acalmar a mente e conduzir o indiv\u00edduo ao aqui e agora&#8221;, afirma o profissional, que atua h\u00e1 mais de uma d\u00e9cada na \u00e1rea.<\/p>\n<p>Rafael relata que a adapta\u00e7\u00e3o dos exerc\u00edcios ao estado emocional do aluno \u00e9 a chave para o sucesso do m\u00e9todo.\n\t\t\t<\/p>\n<p class=\"texto-continue listagem-detalhe\">Continua depois da publicidade<\/p>\n<p>Quando um aluno chega &#8220;carregando um piano nas costas&#8221;, exausto ou agitado, o treino \u00e9 ajustado em tempo real.\u00a0<\/p>\n<p>Atividades aer\u00f3bicas de baixa intensidade s\u00e3o priorizadas para oxigenar o c\u00e9rebro e reduzir a carga de estresse, permitindo que o corpo sinalize \u00e0 mente que \u00e9 hora de relaxar.<\/p>\n<p>A ci\u00eancia por tr\u00e1s do bem-estar<\/p>\n<p>O impacto positivo do movimento no c\u00e9rebro n\u00e3o \u00e9 apenas subjetivo, mas fisiol\u00f3gico. De acordo com Flor\u00eancio, o exerc\u00edcio atua em tr\u00eas pilares fundamentais:\n\t\t\t<\/p>\n<p class=\"texto-continue listagem-detalhe\">Continua depois da publicidade<\/p>\n<p><strong>Neurotransmissores: <\/strong>Libera\u00e7\u00e3o de endorfina, serotonina e dopamina, que promovem prazer e resili\u00eancia.<\/p>\n<p><strong>Qualidade do sono: <\/strong>O cansa\u00e7o f\u00edsico saud\u00e1vel regula o ciclo circadiano, essencial para mentes ansiosas.<\/p>\n<p><strong>Autoestima: <\/strong>A sensa\u00e7\u00e3o de controle sobre o pr\u00f3prio corpo gera confian\u00e7a para lidar com problemas externos.\n\t\t\t<\/p>\n<p class=\"texto-continue listagem-detalhe\">Continua depois da publicidade<\/p>\n<p>O profissional, que se atualiza trimestralmente com publica\u00e7\u00f5es cient\u00edficas como o Journal of Multiprofessional Health Research, refor\u00e7a que o exerc\u00edcio deve ser visto como uma &#8220;corda&#8221; para quem est\u00e1 no fundo do po\u00e7o.\u00a0<\/p>\n<p>Ele cita casos de transforma\u00e7\u00e3o real, como uma adolescente com depress\u00e3o que reencontrou o conv\u00edvio social atrav\u00e9s do esporte e uma advogada que utiliza o treino como v\u00e1lvula de escape estrat\u00e9gica para press\u00f5es profissionais.<\/p>\n<p>O futuro da Educa\u00e7\u00e3o F\u00edsica<\/p>\n<p>Para Rafael Flor\u00eancio, o diferencial do educador f\u00edsico moderno est\u00e1 no &#8220;olhar humano&#8221;. Ele defende que os profissionais da \u00e1rea precisam entender de comportamento humano e sa\u00fade mental tanto quanto de fisiologia. &#8220;Quem n\u00e3o souber lidar com a mente, ser\u00e1 substitu\u00eddo por tecnologia&#8221;, alerta.\u00a0\n\t\t\t<\/p>\n<p class=\"texto-continue listagem-detalhe\">Continua depois da publicidade<\/p>\n<p>Integrado a redes de apoio com psic\u00f3logos, ele acredita que a Educa\u00e7\u00e3o F\u00edsica deve ocupar um papel central nas pol\u00edticas p\u00fablicas de sa\u00fade mental no Brasil, oferecendo uma alternativa saud\u00e1vel e acess\u00edvel ao estresse cr\u00f4nico da vida moderna.<\/p>\n","protected":false},"excerpt":{"rendered":"O impacto positivo do movimento no c\u00e9rebro n\u00e3o \u00e9 apenas subjetivo, mas fisiol\u00f3gico \/ Freepik Em um pa\u00eds&hellip;\n","protected":false},"author":2,"featured_media":205869,"comment_status":"","ping_status":"","sticky":false,"template":"","format":"standard","meta":{"footnotes":""},"categories":[86],"tags":[11587,116,32,4740,33,117],"class_list":{"0":"post-205868","1":"post","2":"type-post","3":"status-publish","4":"format-standard","5":"has-post-thumbnail","7":"category-saude","8":"tag-academia","9":"tag-health","10":"tag-portugal","11":"tag-psicologia","12":"tag-pt","13":"tag-saude"},"share_on_mastodon":{"url":"https:\/\/pubeurope.com\/@pt\/115801982476556617","error":""},"_links":{"self":[{"href":"https:\/\/www.europesays.com\/pt\/wp-json\/wp\/v2\/posts\/205868","targetHints":{"allow":["GET"]}}],"collection":[{"href":"https:\/\/www.europesays.com\/pt\/wp-json\/wp\/v2\/posts"}],"about":[{"href":"https:\/\/www.europesays.com\/pt\/wp-json\/wp\/v2\/types\/post"}],"author":[{"embeddable":true,"href":"https:\/\/www.europesays.com\/pt\/wp-json\/wp\/v2\/users\/2"}],"replies":[{"embeddable":true,"href":"https:\/\/www.europesays.com\/pt\/wp-json\/wp\/v2\/comments?post=205868"}],"version-history":[{"count":0,"href":"https:\/\/www.europesays.com\/pt\/wp-json\/wp\/v2\/posts\/205868\/revisions"}],"wp:featuredmedia":[{"embeddable":true,"href":"https:\/\/www.europesays.com\/pt\/wp-json\/wp\/v2\/media\/205869"}],"wp:attachment":[{"href":"https:\/\/www.europesays.com\/pt\/wp-json\/wp\/v2\/media?parent=205868"}],"wp:term":[{"taxonomy":"category","embeddable":true,"href":"https:\/\/www.europesays.com\/pt\/wp-json\/wp\/v2\/categories?post=205868"},{"taxonomy":"post_tag","embeddable":true,"href":"https:\/\/www.europesays.com\/pt\/wp-json\/wp\/v2\/tags?post=205868"}],"curies":[{"name":"wp","href":"https:\/\/api.w.org\/{rel}","templated":true}]}}