{"id":205893,"date":"2025-12-29T09:01:10","date_gmt":"2025-12-29T09:01:10","guid":{"rendered":"https:\/\/www.europesays.com\/pt\/205893\/"},"modified":"2025-12-29T09:01:10","modified_gmt":"2025-12-29T09:01:10","slug":"preco-dos-smartphones-vai-disparar-mas-sabe-quanto-vao-custar","status":"publish","type":"post","link":"https:\/\/www.europesays.com\/pt\/205893\/","title":{"rendered":"Pre\u00e7o dos smartphones vai disparar, mas sabe quanto v\u00e3o custar?"},"content":{"rendered":"<p>As fabricantes de smartphones est\u00e3o a prestes a ter problemas graves. O custo de um equipamento de topo poder\u00e1 disparar para valores nunca vistos. A procura de recursos computacionais para alimentar os centros de dados de IA est\u00e1 a provocar uma escassez cr\u00edtica de componentes, inflacionando o valor dos dispositivos para n\u00edveis que o mercado n\u00e3o via h\u00e1 d\u00e9cadas.<\/p>\n<p><a target=\"_blank\" href=\"https:\/\/pplware.sapo.pt\/wp-content\/uploads\/2025\/09\/smartphones_2025_preco_1.jpg\" onclick=\"refreshIframe()\" class=\"foobox\" rel=\"nofollow noopener\"><img fetchpriority=\"high\" decoding=\"async\" src=\"https:\/\/www.europesays.com\/pt\/wp-content\/uploads\/2025\/09\/smartphones_2025_preco_1-1024x576.jpg\" alt=\"smartphones RAM IA Google Samsung Apple\" width=\"720\" height=\"405\" class=\"aligncenter size-large wp-image-1076385\"  \/><\/a>\n<\/p>\n<p>A escalada de pre\u00e7os nos smartphones e o impacto da IA<\/p>\n<p>O setor tecnol\u00f3gico enfrenta aquele que se prev\u00ea ser o maior aumento de custos de hardware dos \u00faltimos 26 anos. O principal catalisador desta subida abrupta n\u00e3o reside numa nova tecnologia revolucion\u00e1ria vis\u00edvel para o utilizador, mas sim no pre\u00e7o da mem\u00f3ria RAM. A oferta deste componente vital est\u00e1 a ser consumida pelas necessidades da IA, criando um desequil\u00edbrio na cadeia de distribui\u00e7\u00e3o.<\/p>\n<p>Como refere <a target=\"_blank\" href=\"https:\/\/m-blog-naver-com.translate.goog\/PostView.naver?blogId=yeux1122&amp;logNo=224124286643&amp;navType=by&amp;_x_tr_sl=auto&amp;_x_tr_tl=en&amp;_x_tr_hl=en&amp;_x_tr_pto=wapp\" rel=\"nofollow noopener\">uma an\u00e1lise recente<\/a>, &#8220;a ind\u00fastria tecnol\u00f3gica est\u00e1 a viver um aumento nos pre\u00e7os dos componentes porque a oferta est\u00e1 a ser devorada pelos novos centros de dados de IA&#8221;. As previs\u00f5es indicam que esta tend\u00eancia inflacionista n\u00e3o ser\u00e1 um evento isolado, devendo manter-se, pelo menos, at\u00e9 2027.<\/p>\n<p>A estrat\u00e9gia da Samsung e a gest\u00e3o de crise da Google<\/p>\n<p>A gravidade da situa\u00e7\u00e3o \u00e9 tal que j\u00e1 provoca danos estruturais nas gigantes tecnol\u00f3gicas. A Google, na tentativa de segurar a sua linha de produ\u00e7\u00e3o, adotou medidas dr\u00e1sticas na gest\u00e3o interna. Relatos indicam que a empresa <a target=\"_blank\" href=\"https:\/\/m-sedaily-com.translate.goog\/NewsView\/2H1V9N0FYA?_x_tr_sl=auto&amp;_x_tr_tl=en&amp;_x_tr_hl=en&amp;_x_tr_pto=wapp\" rel=\"nofollow noopener\">ter\u00e1 despedido<\/a> um executivo s\u00e9nior por falha na garantia de stocks de mem\u00f3ria atempadamente, procurando agora recrutar especialistas na Coreia para assegurar o fornecimento.<\/p>\n<p><a target=\"_blank\" href=\"https:\/\/pplware.sapo.pt\/wp-content\/uploads\/2025\/10\/samsung_apple_smartphones_0.jpg\" onclick=\"refreshIframe()\" class=\"foobox\" rel=\"nofollow noopener\"><img loading=\"lazy\" decoding=\"async\" src=\"https:\/\/www.europesays.com\/pt\/wp-content\/uploads\/2025\/11\/samsung_apple_smartphones_0-1024x576.jpg\" alt=\"smartphones RAM IA Google Samsung Apple\" width=\"720\" height=\"405\" class=\"aligncenter size-large wp-image-1086209\"  \/><\/a><\/p>\n<p>Simultaneamente, a Samsung debate-se para definir a estrat\u00e9gia da futura s\u00e9rie Galaxy S26. A fabricante sul-coreana enfrenta dificuldades em manter os pre\u00e7os competitivos, ponderando mesmo reverter melhorias de hardware, como as c\u00e2maras do modelo base, para evitar valores proibitivos ao consumidor. Outras marcas, como a Xiaomi, optaram por antecipar lan\u00e7amentos de topos de gama para evitar o pico desta crise.<\/p>\n<p>O futuro do iPhone da Apple e a recomenda\u00e7\u00e3o do mercado<\/p>\n<p>No ecossistema da Apple, o cen\u00e1rio avizinha-se igualmente complexo. Com o desenvolvimento do iPhone 18 e futuros modelos no horizonte, a expectativa \u00e9 que os custos de produ\u00e7\u00e3o disparem substancialmente. Rumores recentes apontam que um eventual iPhone dobr\u00e1vel poder\u00e1 mesmo atingir a barreira psicol\u00f3gica dos 2400 d\u00f3lares (2040 EUR), um valor que ilustra a nova realidade do mercado premium.<\/p>\n<p>Perante esta instabilidade e a certeza de aumentos iminentes, a leitura dos analistas \u00e9 pragm\u00e1tica. Os utilizadores que planeiam atualizar o seu equipamento a curto prazo, o momento ideal poder\u00e1 ser agora. Esperar pelos lan\u00e7amentos do pr\u00f3ximo ano poder\u00e1 significar pagar significativamente mais pela mesma tecnologia, uma vez que &#8220;n\u00e3o h\u00e1 garantia de que os telefones permane\u00e7am com pre\u00e7os razo\u00e1veis ap\u00f3s o lan\u00e7amento&#8221;.<\/p>\n","protected":false},"excerpt":{"rendered":"As fabricantes de smartphones est\u00e3o a prestes a ter problemas graves. O custo de um equipamento de topo&hellip;\n","protected":false},"author":2,"featured_media":55370,"comment_status":"","ping_status":"","sticky":false,"template":"","format":"standard","meta":{"footnotes":""},"categories":[84],"tags":[247,109,107,108,643,414,32,33,34828,952,105,103,104,954,106,110],"class_list":{"0":"post-205893","1":"post","2":"type-post","3":"status-publish","4":"format-standard","5":"has-post-thumbnail","7":"category-ciencia-e-tecnologia","8":"tag-apple","9":"tag-ciencia","10":"tag-ciencia-e-tecnologia","11":"tag-cienciaetecnologia","12":"tag-google","13":"tag-ia","14":"tag-portugal","15":"tag-pt","16":"tag-ram","17":"tag-samsung","18":"tag-science","19":"tag-science-and-technology","20":"tag-scienceandtechnology","21":"tag-smartphones","22":"tag-technology","23":"tag-tecnologia"},"share_on_mastodon":{"url":"https:\/\/pubeurope.com\/@pt\/115802045507615968","error":""},"_links":{"self":[{"href":"https:\/\/www.europesays.com\/pt\/wp-json\/wp\/v2\/posts\/205893","targetHints":{"allow":["GET"]}}],"collection":[{"href":"https:\/\/www.europesays.com\/pt\/wp-json\/wp\/v2\/posts"}],"about":[{"href":"https:\/\/www.europesays.com\/pt\/wp-json\/wp\/v2\/types\/post"}],"author":[{"embeddable":true,"href":"https:\/\/www.europesays.com\/pt\/wp-json\/wp\/v2\/users\/2"}],"replies":[{"embeddable":true,"href":"https:\/\/www.europesays.com\/pt\/wp-json\/wp\/v2\/comments?post=205893"}],"version-history":[{"count":0,"href":"https:\/\/www.europesays.com\/pt\/wp-json\/wp\/v2\/posts\/205893\/revisions"}],"wp:featuredmedia":[{"embeddable":true,"href":"https:\/\/www.europesays.com\/pt\/wp-json\/wp\/v2\/media\/55370"}],"wp:attachment":[{"href":"https:\/\/www.europesays.com\/pt\/wp-json\/wp\/v2\/media?parent=205893"}],"wp:term":[{"taxonomy":"category","embeddable":true,"href":"https:\/\/www.europesays.com\/pt\/wp-json\/wp\/v2\/categories?post=205893"},{"taxonomy":"post_tag","embeddable":true,"href":"https:\/\/www.europesays.com\/pt\/wp-json\/wp\/v2\/tags?post=205893"}],"curies":[{"name":"wp","href":"https:\/\/api.w.org\/{rel}","templated":true}]}}