{"id":205896,"date":"2025-12-29T09:03:07","date_gmt":"2025-12-29T09:03:07","guid":{"rendered":"https:\/\/www.europesays.com\/pt\/205896\/"},"modified":"2025-12-29T09:03:07","modified_gmt":"2025-12-29T09:03:07","slug":"el-gordo-levou-milhoes-de-euros-e-discordia-a-villamanin","status":"publish","type":"post","link":"https:\/\/www.europesays.com\/pt\/205896\/","title":{"rendered":"&#8220;El Gordo&#8221; levou milh\u00f5es de euros e disc\u00f3rdia a Villaman\u00edn"},"content":{"rendered":"<p data-remotead-prev-elm=\"true\" data-remotead-elm-id=\"inread\">Depois de dias de discuss\u00e3o acessa, os membros da comiss\u00e3o de festas decidiram entregar o seu pr\u00e9mio pessoal e o d\u00e9cimo que tinham como organiza\u00e7\u00e3o (um total de dois milh\u00f5es de euros), para tentar amenizar a situa\u00e7\u00e3o. O valor n\u00e3o cobre o total em falta, mas os elementos esperam que todos os contemplados possam desfrutar o mais rapidamente poss\u00edvel do seu pr\u00e9mio e que a situa\u00e7\u00e3o se resolva da &#8220;melhor forma poss\u00edvel para todos&#8221;.<\/p>\n<p>Foi o que disse o presidente da C\u00e2mara de Villaman\u00edn, F\u00e9lix \u00c1lvaro Barreales Canseco, em declara\u00e7\u00f5es \u00e0 Europa Press, nas quais indicou que foi estabelecida como condi\u00e7\u00e3o que os vizinhos e os premiados assumam a perda sem qualquer tipo de den\u00fancia. Isto \u00e9, todos os que compraram recebem dinheiro, mas com a divis\u00e3o a ser feita de forma igual entre todos, com um d\u00e9fice de dois milh\u00f5es de euros.<\/p>\n<p>No entanto, neste momento, n\u00e3o \u00e9 poss\u00edvel calcular a perda, porque \u00e9 necess\u00e1rio saber quantas pessoas v\u00e3o aceitar o acordo, muito embora o dinheiro tenha de ser depositado no tribunal, onde o juiz far\u00e1 o pagamento.<\/p>\n<p data-remotead-prev-elm=\"true\" data-remotead-elm-id=\"centro1\">Recorde-se que os vizinhos de Villaman\u00edn (Le\u00f3n) reuniram-se na sexta-feira para debater o pagamento do El Gordo, ap\u00f3s o extravio de um tal\u00e3o correspondente aos d\u00e9cimos que tinham sido vendidos. Aparentemente, um tal\u00e3o foi extraviado, pelo que os d\u00e9cimos n\u00e3o foram comunicados \u00e0 organiza\u00e7\u00e3o.<\/p>\n<p>&#8220;Foi isso que aconteceu, nada mais&#8221;, afirmou na altura o presidente da C\u00e2mara, acrescentando que a comiss\u00e3o de festas n\u00e3o p\u00f4de denunciar este assunto porque s\u00f3 depois da realiza\u00e7\u00e3o do sorteio \u00e9 que se apercebeu que faltava um tal\u00e3o por apresentar. Quando voltou a fazer a contagem ap\u00f3s a realiza\u00e7\u00e3o do sorteio, percebeu que havia 50 bilhetes a mais vendidos.<\/p>\n<p>Neste contexto, foi levada \u00e0 reuni\u00e3o a proposta de reduzir o pr\u00e9mio de cada bilhete em cinco mil euros para que o banco pudesse pagar a todos o montante com esta redu\u00e7\u00e3o, em vez do montante correspondente.<\/p>\n<p data-remotead-prev-elm=\"true\" data-remotead-elm-id=\"centro2\">O vereador de Villaman\u00edn mostrou-se &#8220;esperan\u00e7oso&#8221; de que se pudesse chegar a este acordo na reuni\u00e3o para que os vizinhos &#8220;pelo menos recebessem uma parte&#8221;, embora posteriormente pudessem apresentar uma reclama\u00e7\u00e3o. A Comiss\u00e3o de Festas, que distribuiu os tal\u00f5es com o n\u00famero vencedor, convocou essa reuni\u00e3o com o objetivo de informar de forma &#8220;transparente&#8221; sobre o procedimento de identifica\u00e7\u00e3o, verifica\u00e7\u00e3o e cobran\u00e7a do pr\u00e9mio, bem como sobre &#8220;uma situa\u00e7\u00e3o organizacional imprevista que precisa ser explicada e abordada em conjunto&#8221;.<\/p>\n<p>Segundo juristas ouvidos pelo jornal &#8220;El Pais&#8221;, esta decis\u00e3o tomada em reuni\u00e3o de bra\u00e7o no ar n\u00e3o tem validade jur\u00eddica.<\/p>\n","protected":false},"excerpt":{"rendered":"Depois de dias de discuss\u00e3o acessa, os membros da comiss\u00e3o de festas decidiram entregar o seu pr\u00e9mio pessoal&hellip;\n","protected":false},"author":2,"featured_media":205897,"comment_status":"","ping_status":"","sticky":false,"template":"","format":"standard","meta":{"footnotes":""},"categories":[50],"tags":[27,28,39756,640,15,16,14,25,26,21,22,62,12,13,19,20,23,24,17,18,29,30,31,63,64,65],"class_list":{"0":"post-205896","1":"post","2":"type-post","3":"status-publish","4":"format-standard","5":"has-post-thumbnail","7":"category-mundo","8":"tag-breaking-news","9":"tag-breakingnews","10":"tag-el-gordo","11":"tag-espanha","12":"tag-featured-news","13":"tag-featurednews","14":"tag-headlines","15":"tag-latest-news","16":"tag-latestnews","17":"tag-main-news","18":"tag-mainnews","19":"tag-mundo","20":"tag-news","21":"tag-noticias","22":"tag-noticias-principais","23":"tag-noticiasprincipais","24":"tag-principais-noticias","25":"tag-principaisnoticias","26":"tag-top-stories","27":"tag-topstories","28":"tag-ultimas","29":"tag-ultimas-noticias","30":"tag-ultimasnoticias","31":"tag-world","32":"tag-world-news","33":"tag-worldnews"},"share_on_mastodon":{"url":"https:\/\/pubeurope.com\/@pt\/115802053255161534","error":""},"_links":{"self":[{"href":"https:\/\/www.europesays.com\/pt\/wp-json\/wp\/v2\/posts\/205896","targetHints":{"allow":["GET"]}}],"collection":[{"href":"https:\/\/www.europesays.com\/pt\/wp-json\/wp\/v2\/posts"}],"about":[{"href":"https:\/\/www.europesays.com\/pt\/wp-json\/wp\/v2\/types\/post"}],"author":[{"embeddable":true,"href":"https:\/\/www.europesays.com\/pt\/wp-json\/wp\/v2\/users\/2"}],"replies":[{"embeddable":true,"href":"https:\/\/www.europesays.com\/pt\/wp-json\/wp\/v2\/comments?post=205896"}],"version-history":[{"count":0,"href":"https:\/\/www.europesays.com\/pt\/wp-json\/wp\/v2\/posts\/205896\/revisions"}],"wp:featuredmedia":[{"embeddable":true,"href":"https:\/\/www.europesays.com\/pt\/wp-json\/wp\/v2\/media\/205897"}],"wp:attachment":[{"href":"https:\/\/www.europesays.com\/pt\/wp-json\/wp\/v2\/media?parent=205896"}],"wp:term":[{"taxonomy":"category","embeddable":true,"href":"https:\/\/www.europesays.com\/pt\/wp-json\/wp\/v2\/categories?post=205896"},{"taxonomy":"post_tag","embeddable":true,"href":"https:\/\/www.europesays.com\/pt\/wp-json\/wp\/v2\/tags?post=205896"}],"curies":[{"name":"wp","href":"https:\/\/api.w.org\/{rel}","templated":true}]}}