{"id":205914,"date":"2025-12-29T09:15:10","date_gmt":"2025-12-29T09:15:10","guid":{"rendered":"https:\/\/www.europesays.com\/pt\/205914\/"},"modified":"2025-12-29T09:15:10","modified_gmt":"2025-12-29T09:15:10","slug":"astronauta-captura-fenomeno-que-forma-um-arco-de-luz-na-lua-noticias-r7","status":"publish","type":"post","link":"https:\/\/www.europesays.com\/pt\/205914\/","title":{"rendered":"astronauta captura fen\u00f4meno que forma um arco de luz na Lua \u2013 Noticias R7"},"content":{"rendered":"<p>LEIA AQUI O RESUMO DA NOT\u00cdCIA<\/p>\n<ul class=\"b-article-body-custom-embed-brief-news__list\" style=\"margin: 0; padding-left: 20px; list-style-type: disc;\">\n<li>Um astronauta da Esta\u00e7\u00e3o Espacial Internacional registrou um halo lunar raro enquanto sobrevoava o Oceano \u00cdndico.<\/li>\n<li>O arco de luz ao redor da Lua se forma quando a luz passa por cristais de gelo na alta atmosfera terrestre.<\/li>\n<li>A imagem, feita a aproximadamente 300 km de altura, revela detalhes do efeito visual que muitas vezes n\u00e3o s\u00e3o vis\u00edveis da superf\u00edcie.<\/li>\n<li>Esse fen\u00f4meno ajuda pesquisadores a entender a intera\u00e7\u00e3o da luz com a atmosfera e evidencia a beleza do c\u00e9u visto do espa\u00e7o.<\/li>\n<\/ul>\n<p style=\"font-size: 0.8em; font-style: italic; text-align: right; margin-top: 15px; padding-bottom: 5px; margin-bottom: 0;\">Produzido pela Ri7a &#8211; a Intelig\u00eancia Artificial do R7<\/p>\n<p><img decoding=\"async\" data-chromatic=\"ignore\" alt=\"\" class=\"c-image\" loading=\"lazy\" src=\"https:\/\/www.europesays.com\/pt\/wp-content\/uploads\/2025\/12\/C4FI3DY6LVAODNPLFU7TJW2VFA.jpg\"  width=\"1216\" height=\"694\"\/>Foto do halo lunar foi feita da Esta\u00e7\u00e3o Espacial Internacional NASA <\/p>\n<p class=\"jarvics:base-text-neutral-high-400 base-text-[calc(theme(fontSize.xs)_*_var(--font-size,_1))] base-font-normal base-font-primary base-text-neutral-low-500 base-text-left\">Um <a href=\"https:\/\/noticias.r7.com\/internacional\/astronauta-da-nasa-grava-aurora-boreal-do-espaco-veja-imagens-23112025\/\" target=\"_blank\" rel=\"noreferrer nofollow noopener\" title=\"https:\/\/noticias.r7.com\/internacional\/astronauta-da-nasa-grava-aurora-boreal-do-espaco-veja-imagens-23112025\/\">astronauta<\/a> a bordo da <a href=\"https:\/\/noticias.r7.com\/fala-ciencia\/nasa-prepara-fim-da-iss-que-sera-destruida-no-pacifico-04112025\/\" target=\"_blank\" rel=\"noreferrer nofollow noopener\" title=\"https:\/\/noticias.r7.com\/fala-ciencia\/nasa-prepara-fim-da-iss-que-sera-destruida-no-pacifico-04112025\/\">Esta\u00e7\u00e3o Espacial Internacional<\/a> fez uma foto diferente da <a href=\"https:\/\/estudio.r7.com\/ta-vendo-aquela-lua-30012023\" target=\"_blank\" rel=\"noreferrer nofollow noopener\" title=\"https:\/\/estudio.r7.com\/ta-vendo-aquela-lua-30012023\">Lua<\/a> enquanto passava sobre o Oceano \u00cdndico. <\/p>\n<p class=\"jarvics:base-text-neutral-high-400 base-text-[calc(theme(fontSize.xs)_*_var(--font-size,_1))] base-font-normal base-font-primary base-text-neutral-low-500 base-text-left\">Na imagem, aparece um arco claro ao redor do sat\u00e9lite. Esse efeito visual \u00e9 raro e s\u00f3 acontece quando a luz da Lua passa por cristais de gelo muito pequenos que ficam em uma camada alta da atmosfera da Terra.<\/p>\n<p class=\"jarvics:base-text-neutral-high-400 base-text-[calc(theme(fontSize.xs)_*_var(--font-size,_1))] base-font-normal base-font-primary base-text-neutral-low-500 base-text-left\">Esses cristais funcionam como se fossem min\u00fasculos prismas. A luz entra neles e sai em outro \u00e2ngulo, criando um desenho no c\u00e9u. Muitas vezes esse desenho vira um c\u00edrculo. No caso registrado no espa\u00e7o, s\u00f3 parte do c\u00edrculo apareceu, por isso vemos apenas um arco fino e brilhante.<\/p>\n<p class=\"jarvics:base-text-neutral-high-400 base-text-[calc(theme(fontSize.xs)_*_var(--font-size,_1))] base-font-normal base-font-primary base-text-neutral-low-500 base-text-left\">A foto foi feita a cerca de 200 milhas n\u00e1uticas (cerca de 300 km) de altura, bem acima das nuvens e do clima. Esse ponto de observa\u00e7\u00e3o ajuda os tripulantes da esta\u00e7\u00e3o a enxergar coisas que, muitas vezes, n\u00e3o s\u00e3o vistas por quem est\u00e1 no ch\u00e3o.<\/p>\n<p class=\"jarvics:base-text-neutral-high-400 base-text-[calc(theme(fontSize.xs)_*_var(--font-size,_1))] base-font-normal base-font-primary base-text-neutral-low-500 base-text-left\">Os cristais de gelo respons\u00e1veis por esse efeito se formam na mesosfera, uma regi\u00e3o muito fria e alta da atmosfera, entre 30 e 54 milhas (entre 55 e 100 km) acima da superf\u00edcie. Ali o ar \u00e9 t\u00e3o fino que o gelo s\u00f3 aparece quando a temperatura cai bastante e as condi\u00e7\u00f5es s\u00e3o muito espec\u00edficas.<\/p>\n<p class=\"jarvics:base-text-neutral-high-400 base-text-[calc(theme(fontSize.xs)_*_var(--font-size,_1))] base-font-normal base-font-primary base-text-neutral-low-500 base-text-left\">Al\u00e9m disso, movimentos do ar provocados por tempestades e pelo relevo podem mexer nessas camadas de gelo, ajudando a moldar o arco visto na foto. Pequenas mudan\u00e7as na posi\u00e7\u00e3o desses cristais j\u00e1 s\u00e3o suficientes para alterar a forma do desenho luminoso.<\/p>\n<p class=\"jarvics:base-text-neutral-high-400 base-text-[calc(theme(fontSize.xs)_*_var(--font-size,_1))] base-font-normal base-font-primary base-text-neutral-low-500 base-text-left\">Na imagem tamb\u00e9m \u00e9 poss\u00edvel ver as diferentes faixas da atmosfera. A parte mais baixa aparece alaranjada, acima dela surge uma \u00e1rea clara e, depois, uma regi\u00e3o azul escura, onde o gelo muito fino se forma.<\/p>\n<p class=\"jarvics:base-text-neutral-high-400 base-text-[calc(theme(fontSize.xs)_*_var(--font-size,_1))] base-font-normal base-font-primary base-text-neutral-low-500 base-text-left\">Outro detalhe curioso \u00e9 que, no momento da foto, a Lua estava em fase crescente. Mas, por causa do tempo de exposi\u00e7\u00e3o da c\u00e2mera e da luz refletida pela pr\u00f3pria Terra, o sat\u00e9lite parece quase cheio.<\/p>\n<p class=\"jarvics:base-text-neutral-high-400 base-text-[calc(theme(fontSize.xs)_*_var(--font-size,_1))] base-font-normal base-font-primary base-text-neutral-low-500 base-text-left\">Fotos como essa ajudam pesquisadores a entender melhor como a luz interage com o ar e com o gelo nas camadas mais altas do planeta. Ao mesmo tempo, mostram um lado bonito e pouco conhecido do c\u00e9u visto do espa\u00e7o.<\/p>\n<p><video controls=\"\" class=\"video-js\" preload=\"metadata\" poster=\"https:\/\/d22yf0mxeu0gma.cloudfront.net\/11-05-2025\/t_afdcca34dfc144b1913f1efa4e7e77bf_name_file_960x540_1600_v4_.jpg\" title=\"Astronautas chineses preparam churrasco no espa&#xE7;o\" data-sprite-url=\"\" data-metadata=\"{&quot;title&quot;:&quot;Astronautas chineses preparam churrasco no espa&#xE7;o&quot;,&quot;sectionName&quot;:&quot;R7&quot;,&quot;mainSection&quot;:&quot;Internacional&quot;,&quot;subSection&quot;:&quot;&quot;,&quot;views&quot;:&quot;&quot;,&quot;disableAdv&quot;:&quot;false&quot;,&quot;createdDate&quot;:&quot;2025-11-05T12:38:04Z&quot;,&quot;mainSectionUrl&quot;:&quot;https:\/\/record.r7.com\/fala-brasil\/video\/astronautas-chineses-preparam-churrasco-no-espaco-05112025\/&quot;,&quot;sectionPath&quot;:&quot;https:\/\/record.r7.com\/fala-brasil&quot;,&quot;ageRating&quot;:&quot;&quot;,&quot;ageRatingDescription&quot;:&quot;&quot;,&quot;duration&quot;:36288,&quot;playerUrl&quot;:&quot;https:\/\/record.r7.com\/player\/ed62e8ab-9144-46bf-aefb-d162bbe9933b\/&quot;}\" data-player-params=\"{&quot;p&quot;:&quot;true&quot;,&quot;autoPlay&quot;:&quot;false&quot;,&quot;logo&quot;:&quot;true&quot;,&quot;playlistId&quot;:&quot;false&quot;,&quot;calhau&quot;:&quot;false&quot;,&quot;share&quot;:&quot;true&quot;,&quot;sz&quot;:&quot;false&quot;,&quot;full&quot;:&quot;true&quot;,&quot;customAdHash&quot;:&quot;\/7542\/r7noticias\/internacional&quot;,&quot;referrerUrl&quot;:&quot;&quot;,&quot;externalLinks&quot;:&quot;true&quot;,&quot;debug&quot;:&quot;false&quot;,&quot;debugHash&quot;:&quot;false&quot;,&quot;debugRelated&quot;:&quot;false&quot;,&quot;timerRelated&quot;:&quot;true&quot;,&quot;logoRecord&quot;:&quot;false&quot;,&quot;contextModal&quot;:&quot;false&quot;,&quot;parentUrl&quot;:&quot;https:\/\/record.r7.com\/&quot;,&quot;t&quot;:&quot;0&quot;,&quot;noTitle&quot;:false,&quot;endBehavior&quot;:&quot;default&quot;}\" data-related-videos=\"[{&quot;title&quot;:&quot;Especialistas alertam para os perigos de raspar completamente os c&#xED;lios&quot;,&quot;thumb&quot;:&quot;https:\/\/d22yf0mxeu0gma.cloudfront.net\/12-27-2025\/t_c2440ce2a5fa4e0e997bec2cc7991ec4_name_file_960x540_1600_v4_.jpg&quot;,&quot;url&quot;:&quot;https:\/\/record.r7.com\/fala-brasil\/video\/especialistas-alertam-para-os-perigos-de-raspar-completamente-os-cilios-27122025\/&quot;,&quot;embedUrl&quot;:&quot;https:\/\/record.r7.com\/player\/f6bb4dc8-2f0e-432e-bf5f-edfa96ba174f\/&quot;},{&quot;title&quot;:&quot;Saiba o que &#xE9; preciso para viajar para a Copa do Mundo&quot;,&quot;thumb&quot;:&quot;https:\/\/d22yf0mxeu0gma.cloudfront.net\/12-27-2025\/t_f07df8b2408744bf8087a3deecf7cdab_name_file_960x540_1600_v4_.jpg&quot;,&quot;url&quot;:&quot;https:\/\/record.r7.com\/fala-brasil\/video\/saiba-o-que-e-preciso-para-viajar-para-a-copa-do-mundo-27122025\/&quot;,&quot;embedUrl&quot;:&quot;https:\/\/record.r7.com\/player\/26cd9f54-ca4c-43f5-a840-0ecd67402973\/&quot;},{&quot;title&quot;:&quot;Medicamento usado para controle de peso reduz efic&#xE1;cia das p&#xED;lulas anticoncepcionais&quot;,&quot;thumb&quot;:&quot;https:\/\/d22yf0mxeu0gma.cloudfront.net\/12-27-2025\/t_a6304c9cd28f453f95394c35d12b90ae_name_file_960x540_1600_v4_.jpg&quot;,&quot;url&quot;:&quot;https:\/\/record.r7.com\/fala-brasil\/video\/medicamento-usado-para-controle-de-peso-reduz-eficacia-das-pilulas-anticoncepcionais-27122025\/&quot;,&quot;embedUrl&quot;:&quot;https:\/\/record.r7.com\/player\/fed9b166-502d-4277-9427-0d73be65cf99\/&quot;}]\" data-player-url=\"https:\/\/record.r7.com\/player\/ed62e8ab-9144-46bf-aefb-d162bbe9933b\/\" data-arc-video=\"\" data-arc-id=\"ed62e8ab-9144-46bf-aefb-d162bbe9933b\" data-short=\"false\" style=\"visibility:hidden\"><\/video><\/p>\n<p class=\"jarvics:base-text-neutral-high-400 base-text-[calc(theme(fontSize.xs)_*_var(--font-size,_1))] base-font-normal base-font-primary base-text-neutral-low-500 base-text-left\"><b>Fique por dentro das principais not\u00edcias do dia no Brasil e no mundo. <\/b><a href=\"https:\/\/whatsapp.com\/channel\/0029Va6eEELGZNCyryabmO1m\" rel=\"nofollow noopener\" target=\"_blank\"><b>Siga o canal do R7<\/b><\/a><b>, o portal de not\u00edcias da Record, no WhatsApp<\/b><\/p>\n","protected":false},"excerpt":{"rendered":"LEIA AQUI O RESUMO DA NOT\u00cdCIA Um astronauta da Esta\u00e7\u00e3o Espacial Internacional registrou um halo lunar raro enquanto&hellip;\n","protected":false},"author":2,"featured_media":205915,"comment_status":"","ping_status":"","sticky":false,"template":"","format":"standard","meta":{"footnotes":""},"categories":[84],"tags":[16184,443,109,107,108,32,33,105,103,104,106,110,1151],"class_list":{"0":"post-205914","1":"post","2":"type-post","3":"status-publish","4":"format-standard","5":"has-post-thumbnail","7":"category-ciencia-e-tecnologia","8":"tag-astronauta","9":"tag-astronomia","10":"tag-ciencia","11":"tag-ciencia-e-tecnologia","12":"tag-cienciaetecnologia","13":"tag-portugal","14":"tag-pt","15":"tag-science","16":"tag-science-and-technology","17":"tag-scienceandtechnology","18":"tag-technology","19":"tag-tecnologia","20":"tag-terra"},"share_on_mastodon":{"url":"","error":""},"_links":{"self":[{"href":"https:\/\/www.europesays.com\/pt\/wp-json\/wp\/v2\/posts\/205914","targetHints":{"allow":["GET"]}}],"collection":[{"href":"https:\/\/www.europesays.com\/pt\/wp-json\/wp\/v2\/posts"}],"about":[{"href":"https:\/\/www.europesays.com\/pt\/wp-json\/wp\/v2\/types\/post"}],"author":[{"embeddable":true,"href":"https:\/\/www.europesays.com\/pt\/wp-json\/wp\/v2\/users\/2"}],"replies":[{"embeddable":true,"href":"https:\/\/www.europesays.com\/pt\/wp-json\/wp\/v2\/comments?post=205914"}],"version-history":[{"count":0,"href":"https:\/\/www.europesays.com\/pt\/wp-json\/wp\/v2\/posts\/205914\/revisions"}],"wp:featuredmedia":[{"embeddable":true,"href":"https:\/\/www.europesays.com\/pt\/wp-json\/wp\/v2\/media\/205915"}],"wp:attachment":[{"href":"https:\/\/www.europesays.com\/pt\/wp-json\/wp\/v2\/media?parent=205914"}],"wp:term":[{"taxonomy":"category","embeddable":true,"href":"https:\/\/www.europesays.com\/pt\/wp-json\/wp\/v2\/categories?post=205914"},{"taxonomy":"post_tag","embeddable":true,"href":"https:\/\/www.europesays.com\/pt\/wp-json\/wp\/v2\/tags?post=205914"}],"curies":[{"name":"wp","href":"https:\/\/api.w.org\/{rel}","templated":true}]}}