{"id":205920,"date":"2025-12-29T09:18:17","date_gmt":"2025-12-29T09:18:17","guid":{"rendered":"https:\/\/www.europesays.com\/pt\/205920\/"},"modified":"2025-12-29T09:18:17","modified_gmt":"2025-12-29T09:18:17","slug":"fim-de-ano-marcado-por-frio-geada-e-possibilidade-de-neve-na-serra-da-estrela-meteorologia","status":"publish","type":"post","link":"https:\/\/www.europesays.com\/pt\/205920\/","title":{"rendered":"Fim de ano marcado por frio, geada e possibilidade de neve na Serra da Estrela | Meteorologia"},"content":{"rendered":"<p>O estado do tempo em Portugal continental entre os dias 29 e 31 de Dezembro vai ser dominado por um <a href=\"http:\/\/www.publico.pt\/2025\/12\/21\/azul\/noticia\/inverno-comeca-queda-neve-agitacao-maritima-aviso-laranja-11-distritos-2158871\" rel=\"nofollow noopener\" target=\"_blank\">cen\u00e1rio tipicamente invernoso<\/a>, com frio acentuado, nevoeiro persistente no interior e condi\u00e7\u00f5es favor\u00e1veis \u00e0 forma\u00e7\u00e3o de geada. A situa\u00e7\u00e3o resulta da influ\u00eancia de um anticiclone localizado a sul da Isl\u00e2ndia, que se estende em crista at\u00e9 \u00e0 Europa ocidental, canalizando massas de ar polar para o territ\u00f3rio nacional.<\/p>\n<p>Segundo a <a href=\"https:\/\/www.publico.pt\/2025\/12\/26\/azul\/noticia\/passagem-ano-portugal-sera-tempo-seco-temperaturas-normais-epoca-2159337?ref=meteorologia&amp;cx=page__content\" rel=\"nofollow noopener\" target=\"_blank\">previs\u00e3o especial de fim de ano do IPMA<\/a>, esta configura\u00e7\u00e3o atmosf\u00e9rica origina uma corrente de leste muito fraca, favorecendo noites frias e manh\u00e3s marcadas por neblinas e nevoeiros, sobretudo no interior Norte e Centro e nos vales dos rios. A persist\u00eancia destes fen\u00f3menos ser\u00e1 mais prov\u00e1vel no nordeste transmontano e na Beira Alta, sobretudo nos dias 30 e 31 de Dezembro, podendo prolongar-se at\u00e9 ao final da manh\u00e3 ou mesmo durante todo o dia.<\/p>\n<p>Fora destas zonas, o c\u00e9u dever\u00e1 apresentar-se geralmente pouco nublado ou limpo. Ainda assim, na tarde do dia 29 est\u00e1 previsto um aumento tempor\u00e1rio da nebulosidade, especialmente no interior, com uma baixa probabilidade de <a href=\"https:\/\/www.publico.pt\/2025\/12\/21\/sociedade\/noticia\/semana-chuva-aguaceiros-interrompida-vespera-natal-2158915?ref=meteorologia&amp;cx=page__content\" rel=\"nofollow noopener\" target=\"_blank\">aguaceiros<\/a>. A ocorrerem, poder\u00e3o cair sob a forma de neve nos pontos mais altos da Serra da Estrela.<\/p>\n<p>O vento ser\u00e1, de um modo geral, fraco, tornando-se por vezes moderado nas terras altas. A partir da tarde do dia 1 de Janeiro, com a aproxima\u00e7\u00e3o gradual de uma depress\u00e3o proveniente do Atl\u00e2ntico Norte, espera-se um aumento da intensidade do vento, em particular nas terras altas do litoral Centro e da regi\u00e3o Sul, onde poder\u00e1 soprar por vezes forte de sudeste.<\/p>\n<p>As <a href=\"https:\/\/www.publico.pt\/2025\/12\/19\/azul\/noticia\/inverno-comeca-domingo-traz-frio-chuva-natal-devera-soalheiro-2158681?ref=meteorologia&amp;cx=page__content\" rel=\"nofollow noopener\" target=\"_blank\">temperaturas m\u00ednimas<\/a> v\u00e3o descer de forma generalizada no dia 29, com uma diminui\u00e7\u00e3o entre 2 e 4 graus Celsius, mantendo depois uma tend\u00eancia de ligeira descida, mais localizada, at\u00e9 ao dia 1 nas regi\u00f5es Norte e Centro. Os valores m\u00ednimos dever\u00e3o situar-se entre 2 e 4 graus na generalidade do territ\u00f3rio, sendo mais elevados no litoral, entre 4 e 7 graus, e mais baixos no interior Norte e Centro, onde poder\u00e3o variar entre -3 e 1 grau. No nordeste transmontano e na Beira Alta, a combina\u00e7\u00e3o de nevoeiro e temperaturas negativas cria condi\u00e7\u00f5es favor\u00e1veis \u00e0 forma\u00e7\u00e3o de sincelo. A geada ser\u00e1 tamb\u00e9m frequente, sobretudo nas regi\u00f5es do interior.<\/p>\n<p>As temperaturas m\u00e1ximas n\u00e3o dever\u00e3o registar altera\u00e7\u00f5es significativas, excepto nas zonas onde o nevoeiro e a nebulosidade baixa persistirem. Nessas regi\u00f5es, em particular no nordeste transmontano e na Beira Alta, os valores m\u00e1ximos dificilmente ultrapassar\u00e3o entre 3 a 5 graus. No restante territ\u00f3rio, as m\u00e1ximas dever\u00e3o oscilar entre 11 e 15 graus, sendo ligeiramente mais elevadas no Algarve, sobretudo junto \u00e0 costa, onde poder\u00e3o atingir 16 a 17 graus. No dia 1, o aumento gradual da nebulosidade de sul para norte, a partir da tarde, poder\u00e1 provocar uma pequena descida da temperatura m\u00e1xima nas regi\u00f5es Centro e Sul.<\/p>\n<p>No que diz respeito ao estado do mar, na costa ocidental s\u00e3o esperadas ondas de noroeste com 1 a 1,5 metros, passando a sudoeste a partir da manh\u00e3 de dia 1. Na costa sul do Algarve, as ondas ser\u00e3o inicialmente do quadrante sul com cerca de 1 metro, diminuindo gradualmente para valores inferiores no dia 29, e voltando a aumentar para entre 1 a 1,5 metros, de sudeste, a partir da manh\u00e3 do primeiro dia do ano.<\/p>\n","protected":false},"excerpt":{"rendered":"O estado do tempo em Portugal continental entre os dias 29 e 31 de Dezembro vai ser dominado&hellip;\n","protected":false},"author":2,"featured_media":205921,"comment_status":"","ping_status":"","sticky":false,"template":"","format":"standard","meta":{"footnotes":""},"categories":[10],"tags":[7558,785,27,28,15,16,14,350,25,26,21,22,8532,606,12,13,19,20,32,23,24,33,17,18,29,30,31],"class_list":{"0":"post-205920","1":"post","2":"type-post","3":"status-publish","4":"format-standard","5":"has-post-thumbnail","7":"category-portugal","8":"tag-ano-novo","9":"tag-azul","10":"tag-breaking-news","11":"tag-breakingnews","12":"tag-featured-news","13":"tag-featurednews","14":"tag-headlines","15":"tag-ipma","16":"tag-latest-news","17":"tag-latestnews","18":"tag-main-news","19":"tag-mainnews","20":"tag-mau-tempo","21":"tag-meteorologia","22":"tag-news","23":"tag-noticias","24":"tag-noticias-principais","25":"tag-noticiasprincipais","26":"tag-portugal","27":"tag-principais-noticias","28":"tag-principaisnoticias","29":"tag-pt","30":"tag-top-stories","31":"tag-topstories","32":"tag-ultimas","33":"tag-ultimas-noticias","34":"tag-ultimasnoticias"},"share_on_mastodon":{"url":"https:\/\/pubeurope.com\/@pt\/115802112453601636","error":""},"_links":{"self":[{"href":"https:\/\/www.europesays.com\/pt\/wp-json\/wp\/v2\/posts\/205920","targetHints":{"allow":["GET"]}}],"collection":[{"href":"https:\/\/www.europesays.com\/pt\/wp-json\/wp\/v2\/posts"}],"about":[{"href":"https:\/\/www.europesays.com\/pt\/wp-json\/wp\/v2\/types\/post"}],"author":[{"embeddable":true,"href":"https:\/\/www.europesays.com\/pt\/wp-json\/wp\/v2\/users\/2"}],"replies":[{"embeddable":true,"href":"https:\/\/www.europesays.com\/pt\/wp-json\/wp\/v2\/comments?post=205920"}],"version-history":[{"count":0,"href":"https:\/\/www.europesays.com\/pt\/wp-json\/wp\/v2\/posts\/205920\/revisions"}],"wp:featuredmedia":[{"embeddable":true,"href":"https:\/\/www.europesays.com\/pt\/wp-json\/wp\/v2\/media\/205921"}],"wp:attachment":[{"href":"https:\/\/www.europesays.com\/pt\/wp-json\/wp\/v2\/media?parent=205920"}],"wp:term":[{"taxonomy":"category","embeddable":true,"href":"https:\/\/www.europesays.com\/pt\/wp-json\/wp\/v2\/categories?post=205920"},{"taxonomy":"post_tag","embeddable":true,"href":"https:\/\/www.europesays.com\/pt\/wp-json\/wp\/v2\/tags?post=205920"}],"curies":[{"name":"wp","href":"https:\/\/api.w.org\/{rel}","templated":true}]}}