{"id":20594,"date":"2025-08-08T01:39:08","date_gmt":"2025-08-08T01:39:08","guid":{"rendered":"https:\/\/www.europesays.com\/pt\/20594\/"},"modified":"2025-08-08T01:39:08","modified_gmt":"2025-08-08T01:39:08","slug":"dark-tranquillity-confirma-show-em-sao-paulo-para-janeiro-de-2026","status":"publish","type":"post","link":"https:\/\/www.europesays.com\/pt\/20594\/","title":{"rendered":"Dark Tranquillity confirma show em S\u00e3o Paulo para janeiro de 2026"},"content":{"rendered":"<p>Os suecos do <a href=\"https:\/\/whiplash.net\/bandas\/d\/darktranquillity.html\" class=\"hotwords\" rel=\"nofollow noopener\" target=\"_blank\">Dark Tranquillity<\/a> confirmaram mais uma vinda ao Brasil. A banda de melodic death metal far\u00e1 apresenta\u00e7\u00e3o \u00fanica em S\u00e3o Paulo dia 18 de janeiro de 2026, no Carioca Club. Ser\u00e1 a quinta vinda do grupo ao pa\u00eds. A mais recente aconteceu ano passado, durante a segunda edi\u00e7\u00e3o do Summer Breeze \u2013 agora renomeado Bangers Open Air.<\/p>\n<p><a href=\"https:\/\/whiplash.net\/bandas\/d\/darktranquillity.html\" class=\"linkBotao\" rel=\"nofollow noopener\" target=\"_blank\">Dark Tranquillity &#8211; Mais Novidades<\/a><br \/><a target=\"_blank\" href=\"https:\/\/www.europesays.com\/pt\/wp-content\/uploads\/2025\/08\/dark_tranquility_2025.jpg\"><img loading=\"lazy\" decoding=\"async\" src=\"https:\/\/www.europesays.com\/pt\/wp-content\/uploads\/2025\/08\/dark_tranquility_2025.jpg\" class=\"widthConstrained\" width=\"700\" height=\"875\" alt=\"\"\/><\/a><\/p>\n<p>CONTINUA DEPOIS DA PUBLICIDADE &#8211; CLI<\/p>\n<p>&#13;<br \/>\n&#13;<br \/>\n&#13;<br \/>\n&#13;<br \/>\n&#13;<br \/>\n&#13;<br \/>\n&#13;<br \/>\n&#13;<br \/>\n<a href=\"https:\/\/whiplash.net\/materias\/whiplash\/027002.html\" rel=\"nofollow noopener\" target=\"_blank\"><img decoding=\"async\" src=\"https:\/\/www.europesays.com\/pt\/wp-content\/uploads\/2025\/08\/1754518388_163_anunciar_diabo_336x280.gif\" loading=\"lazy\" width=\"336\" height=\"280\" class=\"widthConstrained\" style=\"background-color:#000000;display:block;\" alt=\"Anunciar bandas e shows de Rock e Heavy Metal\"\/><\/a>&#13;<\/p>\n<p>O repert\u00f3rio da apresenta\u00e7\u00e3o ser\u00e1 focado nos \u00e1lbuns &#8220;The Gallery&#8221; (1995) e &#8220;Character&#8221; (2005), respectivamente segundo e s\u00e9timo da discografia. As entradas para o evento come\u00e7am a ser comercializadas a partir desta sexta-feira, 8 de agosto, atrav\u00e9s do site <a href=\"https:\/\/www.clubedoingresso.com\/\" rel=\"nofollow noopener\" target=\"_blank\">Clube do Ingresso<\/a>.<\/p>\n<p>Fundado em 1989 \u2013 usando o nome Septic Broiler nos dois primeiros anos \u2013, o <a href=\"https:\/\/whiplash.net\/bandas\/d\/darktranquillity.html\" class=\"hotwords\" rel=\"nofollow noopener\" target=\"_blank\">Dark Tranquillity<\/a> conta com o vocalista Mikael Stanne como \u00fanico membro original. Ele era guitarrista nos prim\u00f3rdios e assumiu o microfone principal em 1993, substituindo Anders Frid\u00e9n, que por sua vez o substituiu na fun\u00e7\u00e3o no <a href=\"https:\/\/whiplash.net\/bandas\/i\/inflames.html\" class=\"hotwords\" rel=\"nofollow noopener\" target=\"_blank\">In Flames<\/a>.<\/p>\n<p>O tecladista Martin Br\u00e4ndstr\u00f6m \u00e9 o segundo integrante mais longevo, fazendo parte da banda desde 1998. Completam o lineup atual os guitarristas Johan Reinholdz e Peter Lyse Karmark, o baixista Christian Jansson e o baterista Peter Lyse Karmark. 13 \u00e1lbuns de est\u00fadio foram lan\u00e7ados at\u00e9 o momento. &#8220;Endtime Signals&#8221;, o mais recente, saiu em 2024.<\/p>\n<p>CONTINUA DEPOIS DA PUBLICIDADE &#8211; GOO<\/p>\n<p>&#13;<br \/>\n&#13;<br \/>\n&#13;<br \/>\n&#13;<br \/>\n<a href=\"https:\/\/whiplash.net\/materias\/whiplash\/027002.html\" rel=\"nofollow noopener\" target=\"_blank\"><img decoding=\"async\" src=\"https:\/\/www.europesays.com\/pt\/wp-content\/uploads\/2025\/08\/1754518388_163_anunciar_diabo_336x280.gif\" loading=\"lazy\" width=\"336\" height=\"280\" alt=\"Anunciar no Whiplash.Net\"\/><\/a>&#13;<br \/>\n&#13;<br \/>\n&#13;<br \/>\n&#13;<br \/>\n&#13;<br \/>\n&#13;<br \/>\n<a href=\"https:\/\/whiplash.net\/materias\/whiplash\/027002.html\" rel=\"nofollow noopener\" target=\"_blank\"><img decoding=\"async\" src=\"https:\/\/www.europesays.com\/pt\/wp-content\/uploads\/2025\/08\/1754518388_163_anunciar_diabo_336x280.gif\" loading=\"lazy\" width=\"336\" height=\"280\" class=\"widthConstrained\" style=\"background-color:#000000;display:block;\" alt=\"Anunciar bandas e shows de Rock e Heavy Metal\"\/><\/a>&#13;<\/p>\n","protected":false},"excerpt":{"rendered":"Os suecos do Dark Tranquillity confirmaram mais uma vinda ao Brasil. A banda de melodic death metal far\u00e1&hellip;\n","protected":false},"author":2,"featured_media":20595,"comment_status":"","ping_status":"","sticky":false,"template":"","format":"standard","meta":{"footnotes":""},"categories":[141],"tags":[114,115,149,150,32,33],"class_list":{"0":"post-20594","1":"post","2":"type-post","3":"status-publish","4":"format-standard","5":"has-post-thumbnail","7":"category-musica","8":"tag-entertainment","9":"tag-entretenimento","10":"tag-music","11":"tag-musica","12":"tag-portugal","13":"tag-pt"},"share_on_mastodon":{"url":"","error":""},"_links":{"self":[{"href":"https:\/\/www.europesays.com\/pt\/wp-json\/wp\/v2\/posts\/20594","targetHints":{"allow":["GET"]}}],"collection":[{"href":"https:\/\/www.europesays.com\/pt\/wp-json\/wp\/v2\/posts"}],"about":[{"href":"https:\/\/www.europesays.com\/pt\/wp-json\/wp\/v2\/types\/post"}],"author":[{"embeddable":true,"href":"https:\/\/www.europesays.com\/pt\/wp-json\/wp\/v2\/users\/2"}],"replies":[{"embeddable":true,"href":"https:\/\/www.europesays.com\/pt\/wp-json\/wp\/v2\/comments?post=20594"}],"version-history":[{"count":0,"href":"https:\/\/www.europesays.com\/pt\/wp-json\/wp\/v2\/posts\/20594\/revisions"}],"wp:featuredmedia":[{"embeddable":true,"href":"https:\/\/www.europesays.com\/pt\/wp-json\/wp\/v2\/media\/20595"}],"wp:attachment":[{"href":"https:\/\/www.europesays.com\/pt\/wp-json\/wp\/v2\/media?parent=20594"}],"wp:term":[{"taxonomy":"category","embeddable":true,"href":"https:\/\/www.europesays.com\/pt\/wp-json\/wp\/v2\/categories?post=20594"},{"taxonomy":"post_tag","embeddable":true,"href":"https:\/\/www.europesays.com\/pt\/wp-json\/wp\/v2\/tags?post=20594"}],"curies":[{"name":"wp","href":"https:\/\/api.w.org\/{rel}","templated":true}]}}