{"id":205954,"date":"2025-12-29T09:42:08","date_gmt":"2025-12-29T09:42:08","guid":{"rendered":"https:\/\/www.europesays.com\/pt\/205954\/"},"modified":"2025-12-29T09:42:08","modified_gmt":"2025-12-29T09:42:08","slug":"francisco-monteiro-reage-a-partilha-de-marcia-soares-e-leva-fas-ao-delirio-eu-ainda-acredito-secret-story","status":"publish","type":"post","link":"https:\/\/www.europesays.com\/pt\/205954\/","title":{"rendered":"Francisco Monteiro reage a partilha de Marcia Soares e leva f\u00e3s ao del\u00edrio: \u00abEu ainda acredito\u00bb &#8211; Secret Story"},"content":{"rendered":"<p>Marcia Soares fez uma partilha marcante sobre o seu ano de 2025 e Francisco Monteiro n\u00e3o tardou a reagir, deixando os f\u00e3s em \u00eaxtase, com muitos a acreditar que a hist\u00f3ria dos dois ex-concorrentes ainda n\u00e3o terminou.\u00a0<\/p>\n<p>\u00ab2025 foi bom, 2026 vai ser incr\u00edvel \ud83e\udd0e\u00bb, escreveu Marcia Soares na legenda de um v\u00eddeo com imagens \u00fanicas do ano que est\u00e1 a terminar. Francisco Monteiro comentou: \u00abA sorte vai sorrir \ud83d\ude4f\ud83c\udffb\u00bb e a Internet ficou ao rubro.<\/p>\n<p>\u00a0<\/p>\n<p>Foram v\u00e1rias as respostas ao coment\u00e1rio de Francisco Monteiro: \u00abFrancisco podemos andar, correr e saltar, mas no fim vamos parar ao mesmo sitio\u00bb; \u00abEu ainda acredito \ud83e\udd0d\u00bb; \u00abSorte seria v\u00ea los juntos, Perfeitos sempre os quis ver juntos \ud83d\ude03\u2764\ufe0f\u2764\ufe0f\u00bb, l\u00ea-se.\u00a0<\/p>\n<p>Veja a partilha em cima e percorra as galerias de fotografias que prepar\u00e1mos para si com as melhores imagens de Marcia Soares e de Francisco Monteiro.\u00a0<\/p>\n","protected":false},"excerpt":{"rendered":"Marcia Soares fez uma partilha marcante sobre o seu ano de 2025 e Francisco Monteiro n\u00e3o tardou a&hellip;\n","protected":false},"author":2,"featured_media":205955,"comment_status":"","ping_status":"","sticky":false,"template":"","format":"standard","meta":{"footnotes":""},"categories":[85],"tags":[18706,114,115,18705,2071,2038,32,33,18704],"class_list":{"0":"post-205954","1":"post","2":"type-post","3":"status-publish","4":"format-standard","5":"has-post-thumbnail","7":"category-entretenimento","8":"tag-bastidores-secret-story","9":"tag-entertainment","10":"tag-entretenimento","11":"tag-entrevistas-concorrentes-tvi","12":"tag-francisco-monteiro","13":"tag-marcia-soares","14":"tag-portugal","15":"tag-pt","16":"tag-vida-fora-da-casa"},"share_on_mastodon":{"url":"https:\/\/pubeurope.com\/@pt\/115802206569338943","error":""},"_links":{"self":[{"href":"https:\/\/www.europesays.com\/pt\/wp-json\/wp\/v2\/posts\/205954","targetHints":{"allow":["GET"]}}],"collection":[{"href":"https:\/\/www.europesays.com\/pt\/wp-json\/wp\/v2\/posts"}],"about":[{"href":"https:\/\/www.europesays.com\/pt\/wp-json\/wp\/v2\/types\/post"}],"author":[{"embeddable":true,"href":"https:\/\/www.europesays.com\/pt\/wp-json\/wp\/v2\/users\/2"}],"replies":[{"embeddable":true,"href":"https:\/\/www.europesays.com\/pt\/wp-json\/wp\/v2\/comments?post=205954"}],"version-history":[{"count":0,"href":"https:\/\/www.europesays.com\/pt\/wp-json\/wp\/v2\/posts\/205954\/revisions"}],"wp:featuredmedia":[{"embeddable":true,"href":"https:\/\/www.europesays.com\/pt\/wp-json\/wp\/v2\/media\/205955"}],"wp:attachment":[{"href":"https:\/\/www.europesays.com\/pt\/wp-json\/wp\/v2\/media?parent=205954"}],"wp:term":[{"taxonomy":"category","embeddable":true,"href":"https:\/\/www.europesays.com\/pt\/wp-json\/wp\/v2\/categories?post=205954"},{"taxonomy":"post_tag","embeddable":true,"href":"https:\/\/www.europesays.com\/pt\/wp-json\/wp\/v2\/tags?post=205954"}],"curies":[{"name":"wp","href":"https:\/\/api.w.org\/{rel}","templated":true}]}}