{"id":205956,"date":"2025-12-29T09:43:07","date_gmt":"2025-12-29T09:43:07","guid":{"rendered":"https:\/\/www.europesays.com\/pt\/205956\/"},"modified":"2025-12-29T09:43:07","modified_gmt":"2025-12-29T09:43:07","slug":"mae-luta-na-justica-para-manter-tratamento-do-filho-29-12-2025","status":"publish","type":"post","link":"https:\/\/www.europesays.com\/pt\/205956\/","title":{"rendered":"M\u00e3e luta na Justi\u00e7a para manter tratamento do filho &#8211; 29\/12\/2025"},"content":{"rendered":"<p>Ant\u00f4nio come\u00e7ou a andar, a pular e, segundo a m\u00e3e, ganhou autonomia que mudou a rotina da casa. Agora, Bianca Stefanin Lopes, 35 anos, arquiteta de S\u00e3o Bernardo, tenta evitar que esses avan\u00e7os retrocedam. Uma decis\u00e3o do STF (Supremo Tribunal Federal) suspendeu o fornecimento do Voxzogo, medicamento de alto custo usado no tratamento de crian\u00e7as com acondroplasia, tipo mais comum de nanismo, e abriu disputa na Justi\u00e7a para manter o tratamento do menino, de 1 ano e 11 meses.<\/p>\n<p>\u201cVivemos na incerteza constante, sem saber at\u00e9 quando o Ant\u00f4nio poder\u00e1 continuar usando o Voxzogo. \u00c9 angustiante saber que algo que faz bem ao nosso filho pode ser retirado de forma t\u00e3o fria e distante da realidade\u201d, relata a m\u00e3e.<\/p>\n<p>Bianca conta que o tratamento come\u00e7ou em janeiro de 2025, ap\u00f3s decis\u00e3o judicial que determinou o fornecimento do medicamento. O recebimento foi interrompido ap\u00f3s o STF cassar a senten\u00e7a original.<\/p>\n<p>\u201cLutamos todos os dias para garantir ao Ant\u00f4nio o direito b\u00e1sico \u00e0 sa\u00fade, ao desenvolvimento e a uma vida com mais qualidade\u201d, explica a arquiteta.<\/p>\n<p>O Voxzogo \u00e9 aprovado no Brasil para crian\u00e7as com acondroplasia e atua diretamente no mecanismo que limita o crescimento \u00f3sseo em pessoas com a condi\u00e7\u00e3o. O tratamento custa, por ano, cerca de R$ 1 milh\u00e3o.\u00a0<\/p>\n<p>A m\u00e9dica geneticista Gisele Forente Perillo, do Centro de Doen\u00e7as Raras da Faculdade de Medicina do ABC, explica que o medicamento inibe a hiperatividade do gene FGFR3, respons\u00e1vel por bloquear o crescimento dos ossos. A subst\u00e2ncia age na via MAPK (Mitogen-Activated Protein Kinase), permitindo a ossi-fica\u00e7\u00e3o endocondral, processo que rege o crescimento dos ossos longos.<\/p>\n<p>Segundo a especialista, o uso cont\u00ednuo pode acrescentar de 1,5 a 2 cent\u00edmetros por ano ao crescimento, al\u00e9m do desenvolvimento basal esperado. \u201cN\u00e3o \u00e9 cura\u201d, afirma. \u201cMas pode melhorar a estatura, reduzir compress\u00f5es \u00f3sseas, melhorar caixa tor\u00e1cica, respira\u00e7\u00e3o e diminuir a chance de cirurgias futuras\u201d, complementa.<\/p>\n<p>A advogada Mariana Ferreira Santos, que representa a fam\u00edlia, explica que o relator da Reclama\u00e7\u00e3o Constitucional n\u00ba 85.484\/SP, ministro Gilmar Mendes, julgou procedente pedido da Uni\u00e3o e suspendeu os efeitos da decis\u00e3o anterior.\u00a0<\/p>\n<p>Segundo a advogada, o STF n\u00e3o apontou que o medicamento seja ineficaz. \u201c A decis\u00e3o entendeu apenas que, no caso espec\u00edfico, n\u00e3o teria havido comprova\u00e7\u00e3o suficiente da efic\u00e1cia do tratamento de acordo com os crit\u00e9rios t\u00e9cnicos exigidos pela pr\u00f3pria jurisprud\u00eancia do Tribunal\u201d, explica Mariana. A defesa j\u00e1 apresentou um recurso, no qual anexou estudos recentes e laudos atualizados sobre a evolu\u00e7\u00e3o do menino.\u00a0<\/p>\n<p>\u201cO Ant\u00f4nio \u00e9 luz. \u00c9 alegre, curioso, amoroso e tem uma presen\u00e7a que transforma qualquer ambiente. Acorda sorrindo, observa tudo com aten\u00e7\u00e3o e demonstra uma vontade enorme de viver e de participar do mundo\u201d, relata a m\u00e3e.<\/p>\n<p>Bianca conta que desde o in\u00edcio do tratamento com o Voxzogo, as mudan\u00e7as foram vis\u00edveis. \u201cAnt\u00f4nio apresentou melhora no crescimento, no desenvolvimento motor, no equil\u00edbrio e na forma como se movimenta. Ganhou mais seguran\u00e7a para explorar o ambiente, mais autonomia e mais conforto no pr\u00f3prio corpo\u201d, diz.<\/p>\n","protected":false},"excerpt":{"rendered":"Ant\u00f4nio come\u00e7ou a andar, a pular e, segundo a m\u00e3e, ganhou autonomia que mudou a rotina da casa.&hellip;\n","protected":false},"author":2,"featured_media":205957,"comment_status":"","ping_status":"","sticky":false,"template":"","format":"standard","meta":{"footnotes":""},"categories":[84],"tags":[2285,40626,2298,109,107,108,2299,2286,2293,2297,2287,476,1062,2284,82,2292,5059,619,7228,1133,13,2300,2288,52,987,32,33,2294,2295,4066,2289,2290,2291,105,103,104,2296,106,110,1130,1456],"class_list":{"0":"post-205956","1":"post","2":"type-post","3":"status-publish","4":"format-standard","5":"has-post-thumbnail","7":"category-ciencia-e-tecnologia","8":"tag-abc","9":"tag-alto-custo","10":"tag-automoveis","11":"tag-ciencia","12":"tag-ciencia-e-tecnologia","13":"tag-cienciaetecnologia","14":"tag-d","15":"tag-dgabc","16":"tag-diadema","17":"tag-diarinho","18":"tag-diario","19":"tag-economia","20":"tag-esportes","21":"tag-grande-abc","22":"tag-internacional","23":"tag-maua","24":"tag-medicamento","25":"tag-nacional","26":"tag-nanismo","27":"tag-noticia","28":"tag-noticias","29":"tag-noticias-on-line-abc","30":"tag-on-line","31":"tag-politica","32":"tag-portal","33":"tag-portugal","34":"tag-pt","35":"tag-ribeirao-pires","36":"tag-rio-grande-da-serra","37":"tag-sade","38":"tag-santo-andre","39":"tag-sao-bernardo","40":"tag-sao-caetano","41":"tag-science","42":"tag-science-and-technology","43":"tag-scienceandtechnology","44":"tag-setecidades","45":"tag-technology","46":"tag-tecnologia","47":"tag-tratamento","48":"tag-turismo"},"share_on_mastodon":{"url":"","error":"Validation failed: Text character limit of 500 exceeded"},"_links":{"self":[{"href":"https:\/\/www.europesays.com\/pt\/wp-json\/wp\/v2\/posts\/205956","targetHints":{"allow":["GET"]}}],"collection":[{"href":"https:\/\/www.europesays.com\/pt\/wp-json\/wp\/v2\/posts"}],"about":[{"href":"https:\/\/www.europesays.com\/pt\/wp-json\/wp\/v2\/types\/post"}],"author":[{"embeddable":true,"href":"https:\/\/www.europesays.com\/pt\/wp-json\/wp\/v2\/users\/2"}],"replies":[{"embeddable":true,"href":"https:\/\/www.europesays.com\/pt\/wp-json\/wp\/v2\/comments?post=205956"}],"version-history":[{"count":0,"href":"https:\/\/www.europesays.com\/pt\/wp-json\/wp\/v2\/posts\/205956\/revisions"}],"wp:featuredmedia":[{"embeddable":true,"href":"https:\/\/www.europesays.com\/pt\/wp-json\/wp\/v2\/media\/205957"}],"wp:attachment":[{"href":"https:\/\/www.europesays.com\/pt\/wp-json\/wp\/v2\/media?parent=205956"}],"wp:term":[{"taxonomy":"category","embeddable":true,"href":"https:\/\/www.europesays.com\/pt\/wp-json\/wp\/v2\/categories?post=205956"},{"taxonomy":"post_tag","embeddable":true,"href":"https:\/\/www.europesays.com\/pt\/wp-json\/wp\/v2\/tags?post=205956"}],"curies":[{"name":"wp","href":"https:\/\/api.w.org\/{rel}","templated":true}]}}