{"id":205958,"date":"2025-12-29T09:44:07","date_gmt":"2025-12-29T09:44:07","guid":{"rendered":"https:\/\/www.europesays.com\/pt\/205958\/"},"modified":"2025-12-29T09:44:07","modified_gmt":"2025-12-29T09:44:07","slug":"candidaturas-ao-apoio-estatal-a-compra-de-veiculos-electricos-ja-estao-abertas-transportes","status":"publish","type":"post","link":"https:\/\/www.europesays.com\/pt\/205958\/","title":{"rendered":"Candidaturas ao apoio estatal \u00e0 compra de ve\u00edculos el\u00e9ctricos j\u00e1 est\u00e3o abertas | Transportes"},"content":{"rendered":"<p>As candidaturas ao novo apoio estatal \u00e0 compra de ve\u00edculos el\u00e9ctricos, que tem efeitos retroactivos a 1 de Janeiro de 2025, podem ser apresentadas a partir desta segunda-feira atrav\u00e9s do <a href=\"https:\/\/www.fundoambiental.pt\/apoios-2025\/mitigacao-as-alteracoes-climaticas\/introducao-no-consumo-de-veiculos-de-emissoes-nulas-no-ano-de-2025-mobilidade-verde-passageiros2.aspx\" target=\"_blank\" rel=\"nofollow noopener\">site do Fundo Ambiental<\/a>.<\/p>\n<p>O per\u00edodo de candidatura decorre at\u00e9 12 de Fevereiro de 2026 \u201cou at\u00e9 que se esgote a dota\u00e7\u00e3o dispon\u00edvel\u201d, que o Governo anunciou no ascender a um total de 17,6 milh\u00f5es de euros.<\/p>\n<p>Segundo o Minist\u00e9rio do Ambiente e da Energia, mant\u00e9m-se a exig\u00eancia de que o <a href=\"https:\/\/www.publico.pt\/2025\/12\/16\/local\/noticia\/carros-electricos-ja-sao-tantos-lisboa-emel-quer-limites-tempo-cobrar-2158181\" rel=\"nofollow noopener\" target=\"_blank\">ve\u00edculo adquirido seja novo<\/a>, bem como a de \u201cabate de um autom\u00f3vel a combust\u00edvel f\u00f3ssil com mais de dez anos\u201d.<\/p>\n<p>        &#13;<\/p>\n<p>&#13;<br \/>\n                &#13;\n            <\/p>\n<p>&#13;<\/p>\n<p>Os ve\u00edculos ligeiros el\u00e9ctricos de passageiros podem receber entre quatro mil e cinco mil euros, consoante o tipo de benefici\u00e1rio, n\u00e3o podendo o seu pre\u00e7o ser superior a 38,5 mil euros (incluindo IVA e despesas associadas) ou 55 mil euros para ve\u00edculos com mais de cinco lugares.<\/p>\n<p>No caso das bicicletas (de carga, com ou sem assist\u00eancia el\u00e9ctrica, e el\u00e9ctricas e convencionais), o valor do apoio varia entre os 500 e os 1.500 euros, enquanto os motociclos, ciclomotores, triciclos e quadriciclos el\u00e9ctricos podem receber um incentivo at\u00e9 ao m\u00e1ximo de 1.500 euros.<\/p>\n<p>S\u00e3o tamb\u00e9m eleg\u00edveis para apoio os <a href=\"https:\/\/www.publico.pt\/2025\/12\/27\/enter\/podcast\/baterias-curvas-software-guia-essencial-escolher-carro-electrico-2159300\" rel=\"nofollow noopener\" target=\"_blank\">carregadores para baterias de ve\u00edculos el\u00e9ctricos<\/a>.<\/p>\n<p>A medida inserida no pacote Mobilidade Verde \u201ctem como objectivo apoiar a descarboniza\u00e7\u00e3o do sector dos transportes, respons\u00e1vel pela maior parte das emiss\u00f5es de carbono em Portugal\u201d, assim como \u201cmelhorar a qualidade do ambiente e incentivar a utiliza\u00e7\u00e3o de modos de mobilidade mais sustent\u00e1veis\u201d, de acordo com o minist\u00e9rio.<\/p>\n<p>        &#13;<\/p>\n<p>&#13;<br \/>\n                &#13;\n            <\/p>\n<p>&#13;<\/p>\n","protected":false},"excerpt":{"rendered":"As candidaturas ao novo apoio estatal \u00e0 compra de ve\u00edculos el\u00e9ctricos, que tem efeitos retroactivos a 1 de&hellip;\n","protected":false},"author":2,"featured_media":205959,"comment_status":"","ping_status":"","sticky":false,"template":"","format":"standard","meta":{"footnotes":""},"categories":[83],"tags":[964,2298,88,476,89,90,246,4998,32,33,2588],"class_list":{"0":"post-205958","1":"post","2":"type-post","3":"status-publish","4":"format-standard","5":"has-post-thumbnail","7":"category-empresas","8":"tag-ambiente","9":"tag-automoveis","10":"tag-business","11":"tag-economia","12":"tag-economy","13":"tag-empresas","14":"tag-enter","15":"tag-mobilidade","16":"tag-portugal","17":"tag-pt","18":"tag-transportes"},"share_on_mastodon":{"url":"https:\/\/pubeurope.com\/@pt\/115802214522636851","error":""},"_links":{"self":[{"href":"https:\/\/www.europesays.com\/pt\/wp-json\/wp\/v2\/posts\/205958","targetHints":{"allow":["GET"]}}],"collection":[{"href":"https:\/\/www.europesays.com\/pt\/wp-json\/wp\/v2\/posts"}],"about":[{"href":"https:\/\/www.europesays.com\/pt\/wp-json\/wp\/v2\/types\/post"}],"author":[{"embeddable":true,"href":"https:\/\/www.europesays.com\/pt\/wp-json\/wp\/v2\/users\/2"}],"replies":[{"embeddable":true,"href":"https:\/\/www.europesays.com\/pt\/wp-json\/wp\/v2\/comments?post=205958"}],"version-history":[{"count":0,"href":"https:\/\/www.europesays.com\/pt\/wp-json\/wp\/v2\/posts\/205958\/revisions"}],"wp:featuredmedia":[{"embeddable":true,"href":"https:\/\/www.europesays.com\/pt\/wp-json\/wp\/v2\/media\/205959"}],"wp:attachment":[{"href":"https:\/\/www.europesays.com\/pt\/wp-json\/wp\/v2\/media?parent=205958"}],"wp:term":[{"taxonomy":"category","embeddable":true,"href":"https:\/\/www.europesays.com\/pt\/wp-json\/wp\/v2\/categories?post=205958"},{"taxonomy":"post_tag","embeddable":true,"href":"https:\/\/www.europesays.com\/pt\/wp-json\/wp\/v2\/tags?post=205958"}],"curies":[{"name":"wp","href":"https:\/\/api.w.org\/{rel}","templated":true}]}}