{"id":205962,"date":"2025-12-29T09:46:14","date_gmt":"2025-12-29T09:46:14","guid":{"rendered":"https:\/\/www.europesays.com\/pt\/205962\/"},"modified":"2025-12-29T09:46:14","modified_gmt":"2025-12-29T09:46:14","slug":"hoteis-com-precos-de-dois-mil-euros-esgotados-no-reveillon","status":"publish","type":"post","link":"https:\/\/www.europesays.com\/pt\/205962\/","title":{"rendered":"Hot\u00e9is com pre\u00e7os de dois mil euros esgotados no r\u00e9veillon"},"content":{"rendered":"<p data-remotead-prev-elm=\"true\" data-remotead-elm-id=\"inread\">Ano novo, vida nova. A ocasi\u00e3o pede festejos a preceito e os pre\u00e7os n\u00e3o est\u00e3o a afastar a procura de quem escolhe passar a meia-noite fora de casa. H\u00e1 hot\u00e9is praticamente esgotados com ofertas que ascendem aos dois mil euros por noite. Uma tend\u00eancia que tamb\u00e9m \u00e9 confirmada nos alojamentos para outras carteiras e do Norte ao Sul do pa\u00eds. Reino Unido, Estados Unidos e Espanha lideram a lista dos que escolhem Portugal para dizer adeus a 2025.<\/p>\n","protected":false},"excerpt":{"rendered":"Ano novo, vida nova. A ocasi\u00e3o pede festejos a preceito e os pre\u00e7os n\u00e3o est\u00e3o a afastar a&hellip;\n","protected":false},"author":2,"featured_media":205963,"comment_status":"","ping_status":"","sticky":false,"template":"","format":"standard","meta":{"footnotes":""},"categories":[10],"tags":[7558,27,28,476,15,16,14,6395,25,26,21,22,12,13,19,20,37505,32,23,24,33,35623,17,18,29,30,31],"class_list":{"0":"post-205962","1":"post","2":"type-post","3":"status-publish","4":"format-standard","5":"has-post-thumbnail","7":"category-portugal","8":"tag-ano-novo","9":"tag-breaking-news","10":"tag-breakingnews","11":"tag-economia","12":"tag-featured-news","13":"tag-featurednews","14":"tag-headlines","15":"tag-hoteis","16":"tag-latest-news","17":"tag-latestnews","18":"tag-main-news","19":"tag-mainnews","20":"tag-news","21":"tag-noticias","22":"tag-noticias-principais","23":"tag-noticiasprincipais","24":"tag-passagem-de-ano","25":"tag-portugal","26":"tag-principais-noticias","27":"tag-principaisnoticias","28":"tag-pt","29":"tag-reveillon","30":"tag-top-stories","31":"tag-topstories","32":"tag-ultimas","33":"tag-ultimas-noticias","34":"tag-ultimasnoticias"},"share_on_mastodon":{"url":"https:\/\/pubeurope.com\/@pt\/115802222617470797","error":""},"_links":{"self":[{"href":"https:\/\/www.europesays.com\/pt\/wp-json\/wp\/v2\/posts\/205962","targetHints":{"allow":["GET"]}}],"collection":[{"href":"https:\/\/www.europesays.com\/pt\/wp-json\/wp\/v2\/posts"}],"about":[{"href":"https:\/\/www.europesays.com\/pt\/wp-json\/wp\/v2\/types\/post"}],"author":[{"embeddable":true,"href":"https:\/\/www.europesays.com\/pt\/wp-json\/wp\/v2\/users\/2"}],"replies":[{"embeddable":true,"href":"https:\/\/www.europesays.com\/pt\/wp-json\/wp\/v2\/comments?post=205962"}],"version-history":[{"count":0,"href":"https:\/\/www.europesays.com\/pt\/wp-json\/wp\/v2\/posts\/205962\/revisions"}],"wp:featuredmedia":[{"embeddable":true,"href":"https:\/\/www.europesays.com\/pt\/wp-json\/wp\/v2\/media\/205963"}],"wp:attachment":[{"href":"https:\/\/www.europesays.com\/pt\/wp-json\/wp\/v2\/media?parent=205962"}],"wp:term":[{"taxonomy":"category","embeddable":true,"href":"https:\/\/www.europesays.com\/pt\/wp-json\/wp\/v2\/categories?post=205962"},{"taxonomy":"post_tag","embeddable":true,"href":"https:\/\/www.europesays.com\/pt\/wp-json\/wp\/v2\/tags?post=205962"}],"curies":[{"name":"wp","href":"https:\/\/api.w.org\/{rel}","templated":true}]}}