{"id":206020,"date":"2025-12-29T10:20:18","date_gmt":"2025-12-29T10:20:18","guid":{"rendered":"https:\/\/www.europesays.com\/pt\/206020\/"},"modified":"2025-12-29T10:20:18","modified_gmt":"2025-12-29T10:20:18","slug":"a-musica-deste-natal-nao-foi-all-i-want-for-christmas-is-you-de-mariah-carey","status":"publish","type":"post","link":"https:\/\/www.europesays.com\/pt\/206020\/","title":{"rendered":"a m\u00fasica deste Natal n\u00e3o foi &#8220;All I want for Christmas is you&#8221; de Mariah Carey"},"content":{"rendered":"<p class=\"wp-caption-text top\">Alba Vigaray \/ EPA<\/p>\n<p><img decoding=\"async\" loading=\"lazy\" class=\"size-kopa-image-size-3 wp-image-143720\" src=\"https:\/\/www.europesays.com\/pt\/wp-content\/uploads\/2025\/12\/a8ea38f09e05852300b61c016c471705-783x450.jpg\" alt=\"\" width=\"700\" height=\"402\"  \/><\/p>\n<p class=\"wp-caption-text bot\">Mariah Carey<\/p>\n<p><strong>30 anos depois de um dom\u00ednio inquestion\u00e1vel, Mariah Carey foi ultrapassada por Snowman, de Sia. M\u00fasica foi publicada h\u00e1 oito anos.<\/strong><\/p>\n<p>J\u00e1 se sabe: quando chega o Natal, vamos ouvir por a\u00ed a <a href=\"https:\/\/www.youtube.com\/watch?v=TEM7LQnLTKI\" data-wpel-link=\"external\" target=\"_blank\" rel=\"nofollow external noopener noreferrer\" class=\"ext-link\">Nesta noite branca<\/a>, a <a href=\"https:\/\/www.youtube.com\/watch?v=Rnil5LyK_B0\" data-wpel-link=\"external\" target=\"_blank\" rel=\"nofollow external noopener noreferrer\" class=\"ext-link\">Let It Snow! Let It Snow!<\/a>, ou a <a href=\"https:\/\/www.youtube.com\/watch?v=E8gmARGvPlI\" data-wpel-link=\"external\" target=\"_blank\" rel=\"nofollow external noopener noreferrer\" class=\"ext-link\">Last Christmas<\/a>.<\/p>\n<p>E, claro, vamos sobretudo ouvir a <a href=\"https:\/\/www.youtube.com\/watch?v=yXQViqx6GMY\" data-wpel-link=\"external\" target=\"_blank\" rel=\"nofollow external noopener noreferrer\" class=\"ext-link\">All I want for Christmas is you<\/a>, can\u00e7\u00e3o criada por Mariah Carey e por Walter Afanasieff, interpretada pela voz inconfund\u00edvel da pr\u00f3pria Mariah Carey.<\/p>\n<p>Apareceu como single principal do seu quarto \u00e1lbum de est\u00fadio, intitulado Merry Christmas, em Outubro de 1994. E rapidamente se destacou. Passou logo a ser uma das raras can\u00e7\u00f5es modernas que entram na banda sonora do Natal.<\/p>\n<p>Esse hino natal\u00edcio que, desde que foi criado (em 1994), liderava sempre as audi\u00e7\u00f5es, as vendas, Natal ap\u00f3s Natal. Foram 30 anos disto. L\u00edder nos streamings em mais de 30 pa\u00edses.<\/p>\n<p>At\u00e9 que\u2026<\/p>\n<p>\u2026apareceu <a href=\"https:\/\/www.youtube.com\/watch?v=gset79KMmt0\" data-wpel-link=\"external\" target=\"_blank\" rel=\"nofollow external noopener noreferrer\" class=\"ext-link\">Snowman<\/a>, de Sia. E, em 2025, provavelmente para surpresa de milh\u00f5es de pessoas, essa foi a m\u00fasica de Natal mais reproduzida nesta \u00e9poca natal\u00edcia.<\/p>\n<p>Esta veio da Austr\u00e1lia. A criadora e int\u00e9rprete \u00e9 Sia, que escreveu este sucesso com Greg Kurstin. O single, lan\u00e7ado em 2017, \u00e9 o segundo do \u00e1lbum Everyday Is Christmas.<\/p>\n<p>A balada pop lenta e cativante, assente no piano, foi conquistando muitos ouvintes, como salienta o <a href=\"https:\/\/pt.euronews.com\/cultura\/2025\/12\/26\/sia-destrona-all-i-want-for-christmas-de-mariah-carey-como-cancao-natalicia-n-1-no-spotify\" data-wpel-link=\"external\" target=\"_blank\" rel=\"nofollow external noopener noreferrer\" class=\"ext-link\">Euronews<\/a>.<\/p>\n<p>Cada vez mais ouvintes \u2013 at\u00e9 que, em 2025, foi a m\u00fasica de Natal mais ouvida no Spotify.<\/p>\n<p>A empresa sueca informa no entanto que All I want for Christmas is you continua a ser a can\u00e7\u00e3o de Natal mais reproduzida de sempre. S\u00f3 que, em 2025, desceu para o segundo lugar nas tabelas de streaming de Dezembro.<\/p>\n<p>Foi uma esp\u00e9cie de prenda para Sia, que completou 50 anos na semana passada.<\/p>\n<p>Atr\u00e1s destas duas can\u00e7\u00f5es surgem as habituais Last Christmas, Let It Snow! Let It Snow!\u2019 e <a href=\"https:\/\/www.youtube.com\/watch?v=cbZTfrhcamA\" data-wpel-link=\"external\" target=\"_blank\" rel=\"nofollow external noopener noreferrer\" class=\"ext-link\">It\u2019s the Most Wonderful Time of the Year<\/a>. Todas no top-5.<\/p>\n<p style=\"padding-left: 25px; margin-bottom: 10; font-family: Roboto, Arial, Helvetica, sans-serif; font-size: 15px\">&#13;<br \/>\n        Nuno Teixeira da Silva, ZAP \/\/ <a href=\"\" data-wpel-link=\"internal\"\/>&#13;\n    <\/p>\n<p>    <a href=\"https:\/\/zap.aeiou.pt\/subscrever-newsletter\" data-wpel-link=\"internal\" rel=\"nofollow noopener\" target=\"_blank\">&#13;<br \/>\n        <img loading=\"lazy\" decoding=\"async\" class=\"aligncenter size-full wp-image-575475\" src=\"https:\/\/www.europesays.com\/pt\/wp-content\/uploads\/2025\/12\/1765389371_545_2d51fe4a0ba54894421ead1809309ed9-1-450x140.jpg\" alt=\"Subscreva a Newsletter ZAP\" width=\"450\" height=\"140\"\/>&#13;<br \/>\n    <\/a><\/p>\n<p>                <a href=\"https:\/\/whatsapp.com\/channel\/0029VaIC4EE2f3EJZPPSbR34\" data-wpel-link=\"external\" target=\"_blank\" rel=\"nofollow external noopener noreferrer\" class=\"ext-link\">&#13;<br \/>\n                    <img loading=\"lazy\" decoding=\"async\" class=\"aligncenter size-full wp-image-575475\" src=\"https:\/\/www.europesays.com\/pt\/wp-content\/uploads\/2025\/12\/1765389371_770_c68c559d956d4ca20f435ed74a6e71e6.png\" alt=\"Siga-nos no WhatsApp\" width=\"175\" height=\"64\"\/>&#13;<br \/>\n                <\/a><\/p>\n<p>                <a href=\"https:\/\/news.google.com\/publications\/CAAiEHRwZondIV71PDjWNoqMduEqFAgKIhB0cGaJ3SFe9Tw41jaKjHbh?hl=en-US&amp;gl=US&amp;ceid=US%3Aen\" data-wpel-link=\"external\" target=\"_blank\" rel=\"nofollow external noopener noreferrer\" class=\"ext-link\">&#13;<br \/>\n                    <img loading=\"lazy\" decoding=\"async\" class=\"aligncenter size-full wp-image-575475\" src=\"https:\/\/www.europesays.com\/pt\/wp-content\/uploads\/2025\/12\/1765389372_556_5123dd8b087b644fdb8f8603acd1bad4.png\" alt=\"Siga-nos no Google News\" width=\"176\" height=\"64\"\/>&#13;<br \/>\n                <\/a><\/p>\n","protected":false},"excerpt":{"rendered":"Alba Vigaray \/ EPA Mariah Carey 30 anos depois de um dom\u00ednio inquestion\u00e1vel, Mariah Carey foi ultrapassada por&hellip;\n","protected":false},"author":2,"featured_media":206021,"comment_status":"","ping_status":"","sticky":false,"template":"","format":"standard","meta":{"footnotes":""},"categories":[141],"tags":[4056,114,115,149,150,7561,32,33],"class_list":{"0":"post-206020","1":"post","2":"type-post","3":"status-publish","4":"format-standard","5":"has-post-thumbnail","7":"category-musica","8":"tag-curiosidade","9":"tag-entertainment","10":"tag-entretenimento","11":"tag-music","12":"tag-musica","13":"tag-natal","14":"tag-portugal","15":"tag-pt"},"share_on_mastodon":{"url":"https:\/\/pubeurope.com\/@pt\/115802356110261465","error":""},"_links":{"self":[{"href":"https:\/\/www.europesays.com\/pt\/wp-json\/wp\/v2\/posts\/206020","targetHints":{"allow":["GET"]}}],"collection":[{"href":"https:\/\/www.europesays.com\/pt\/wp-json\/wp\/v2\/posts"}],"about":[{"href":"https:\/\/www.europesays.com\/pt\/wp-json\/wp\/v2\/types\/post"}],"author":[{"embeddable":true,"href":"https:\/\/www.europesays.com\/pt\/wp-json\/wp\/v2\/users\/2"}],"replies":[{"embeddable":true,"href":"https:\/\/www.europesays.com\/pt\/wp-json\/wp\/v2\/comments?post=206020"}],"version-history":[{"count":0,"href":"https:\/\/www.europesays.com\/pt\/wp-json\/wp\/v2\/posts\/206020\/revisions"}],"wp:featuredmedia":[{"embeddable":true,"href":"https:\/\/www.europesays.com\/pt\/wp-json\/wp\/v2\/media\/206021"}],"wp:attachment":[{"href":"https:\/\/www.europesays.com\/pt\/wp-json\/wp\/v2\/media?parent=206020"}],"wp:term":[{"taxonomy":"category","embeddable":true,"href":"https:\/\/www.europesays.com\/pt\/wp-json\/wp\/v2\/categories?post=206020"},{"taxonomy":"post_tag","embeddable":true,"href":"https:\/\/www.europesays.com\/pt\/wp-json\/wp\/v2\/tags?post=206020"}],"curies":[{"name":"wp","href":"https:\/\/api.w.org\/{rel}","templated":true}]}}