{"id":206024,"date":"2025-12-29T10:22:10","date_gmt":"2025-12-29T10:22:10","guid":{"rendered":"https:\/\/www.europesays.com\/pt\/206024\/"},"modified":"2025-12-29T10:22:10","modified_gmt":"2025-12-29T10:22:10","slug":"benfica-e-marselha-disputam-a-contratacao-de-andre-luiz","status":"publish","type":"post","link":"https:\/\/www.europesays.com\/pt\/206024\/","title":{"rendered":"Benfica e Marselha disputam a contrata\u00e7\u00e3o de Andr\u00e9 Luiz"},"content":{"rendered":"<p>Andr\u00e9 Luiz est\u00e1 a ser alvo de forte disputa nos bastidores entre Benfica e Marselha, sendo que, segundo apurou o <strong>Maisfutebol<\/strong>, os dois clubes j\u00e1 entregaram ofertas oficiais ao Rio Ave.<\/p>\n<p>Para negociar o avan\u00e7ado brasileiro no mercado de inverno, seja para a Fran\u00e7a ou Portugal, o emblema vilacondense tem pedido cerca de 15 milh\u00f5es de euros &#8211; a cl\u00e1usula de rescis\u00e3o est\u00e1 fixada nos 20 milh\u00f5es de euros.<\/p>\n<p>Nas \u00faltimas semanas, os alem\u00e3es do Bayer Leverkusen tamb\u00e9m chegaram a demonstrar interesse no jogador, mas, at\u00e9 agora, n\u00e3o oficializaram qualquer proposta.<\/p>\n<p>A informa\u00e7\u00e3o da investida encarnada pelo brasileiro foi publicada inicialmente pelo jornal A Bola e confirmada pelo nosso nosso jornal.<\/p>\n<p>Andr\u00e9 Luiz, de 23 anos, \u00e9 um dos principais destaques do Rio Ave na atual temporada (16 jogos, cinco golos e cinco assist\u00eancias). Foi formado no Flamengo e representou o Estrela da Amadora antes rumar a Vila do Conde em janeiro passado.<\/p>\n","protected":false},"excerpt":{"rendered":"Andr\u00e9 Luiz est\u00e1 a ser alvo de forte disputa nos bastidores entre Benfica e Marselha, sendo que, segundo&hellip;\n","protected":false},"author":2,"featured_media":206025,"comment_status":"","ping_status":"","sticky":false,"template":"","format":"standard","meta":{"footnotes":""},"categories":[87],"tags":[40480,51,135,36,3695,46,11656,42,32,33,47,9819,134,35],"class_list":{"0":"post-206024","1":"post","2":"type-post","3":"status-publish","4":"format-standard","5":"has-post-thumbnail","7":"category-desporto","8":"tag-andre-luiz","9":"tag-benfica","10":"tag-desporto","11":"tag-liga","12":"tag-mais-transferencias","13":"tag-maisfutebol","14":"tag-marselha","15":"tag-mercado","16":"tag-portugal","17":"tag-pt","18":"tag-pura-paixao","19":"tag-rio-ave","20":"tag-sports","21":"tag-transferencias"},"share_on_mastodon":{"url":"https:\/\/pubeurope.com\/@pt\/115802364122710262","error":""},"_links":{"self":[{"href":"https:\/\/www.europesays.com\/pt\/wp-json\/wp\/v2\/posts\/206024","targetHints":{"allow":["GET"]}}],"collection":[{"href":"https:\/\/www.europesays.com\/pt\/wp-json\/wp\/v2\/posts"}],"about":[{"href":"https:\/\/www.europesays.com\/pt\/wp-json\/wp\/v2\/types\/post"}],"author":[{"embeddable":true,"href":"https:\/\/www.europesays.com\/pt\/wp-json\/wp\/v2\/users\/2"}],"replies":[{"embeddable":true,"href":"https:\/\/www.europesays.com\/pt\/wp-json\/wp\/v2\/comments?post=206024"}],"version-history":[{"count":0,"href":"https:\/\/www.europesays.com\/pt\/wp-json\/wp\/v2\/posts\/206024\/revisions"}],"wp:featuredmedia":[{"embeddable":true,"href":"https:\/\/www.europesays.com\/pt\/wp-json\/wp\/v2\/media\/206025"}],"wp:attachment":[{"href":"https:\/\/www.europesays.com\/pt\/wp-json\/wp\/v2\/media?parent=206024"}],"wp:term":[{"taxonomy":"category","embeddable":true,"href":"https:\/\/www.europesays.com\/pt\/wp-json\/wp\/v2\/categories?post=206024"},{"taxonomy":"post_tag","embeddable":true,"href":"https:\/\/www.europesays.com\/pt\/wp-json\/wp\/v2\/tags?post=206024"}],"curies":[{"name":"wp","href":"https:\/\/api.w.org\/{rel}","templated":true}]}}