{"id":206034,"date":"2025-12-29T10:27:09","date_gmt":"2025-12-29T10:27:09","guid":{"rendered":"https:\/\/www.europesays.com\/pt\/206034\/"},"modified":"2025-12-29T10:27:09","modified_gmt":"2025-12-29T10:27:09","slug":"parte-dos-funcionarios-russos-deixam-de-declarar-rendimentos-observador","status":"publish","type":"post","link":"https:\/\/www.europesays.com\/pt\/206034\/","title":{"rendered":"Parte dos funcion\u00e1rios russos deixam de declarar rendimentos \u2013 Observador"},"content":{"rendered":"<p>O presidente russo, Vladimir Putin, estabeleceu este domingo uma lei que elimina a obrigatoriedade de declarar rendimentos por parte de alguns funcion\u00e1rios p\u00fablicos russos, segundo a ag\u00eancia de not\u00edcias espanhola EFE.<\/p>\n<p>Diversas leis russas relacionadas com a corrup\u00e7\u00e3o e com o controlo de bens de funcion\u00e1rios e ocupantes de cargos p\u00fablicos foram alteradas, removendo assim a exig\u00eancia de que alguns apresentem a declara\u00e7\u00e3o.<\/p>\n<p>As autoridades supervisoras exigir\u00e3o as informa\u00e7\u00f5es quando as considerarem necess\u00e1rias, como, por exemplo, quando um funcion\u00e1rio for transferido de uma ag\u00eancia governamental para outra, quando as transa\u00e7\u00f5es excederem o equivalente a tr\u00eas anos de rendimentos ou em outros casos n\u00e3o especificados.<\/p>\n<p>A medida exclui setores como o de professores, mas inclui, entre outros, todas as for\u00e7as de seguran\u00e7a, o poder judici\u00e1rio, representantes ministeriais e Governo.<\/p>\n<p>Antes, todos os funcion\u00e1rios p\u00fablicos eram obrigados a apresentar as declara\u00e7\u00f5es anuais, bem como dos respetivos c\u00f4njuges e filhos, at\u00e9 01 de abril.<\/p>\n<p>Em dezembro de 2022, Putin assinou um decreto proibindo a publica\u00e7\u00e3o das declara\u00e7\u00f5es de imposto de renda dos funcion\u00e1rios p\u00fablicos em portais de transpar\u00eancia e nos meios de comunica\u00e7\u00e3o social.<\/p>\n<p>Os opositores russos consideraram a medida antidemocr\u00e1tica e um refor\u00e7o do poder da R\u00fassia no sigilo financeiro.<\/p>\n<p>Em paralelo, ap\u00f3s o in\u00edcio da guerra na Ucr\u00e2nia em 2022, tribunais russos levaram centenas de funcion\u00e1rios russos a julgamento por corrup\u00e7\u00e3o.<\/p>\n<p>No entanto, especialistas apontaram que os novos nomes que substituem os demitidos n\u00e3o s\u00e3o diferentes dos seus antecessores nos m\u00e9todos e que as substitui\u00e7\u00f5es decorrem de conflitos entre diferentes fa\u00e7\u00f5es dentro da elite do pa\u00eds.<\/p>\n","protected":false},"excerpt":{"rendered":"O presidente russo, Vladimir Putin, estabeleceu este domingo uma lei que elimina a obrigatoriedade de declarar rendimentos por&hellip;\n","protected":false},"author":2,"featured_media":206035,"comment_status":"","ping_status":"","sticky":false,"template":"","format":"standard","meta":{"footnotes":""},"categories":[50],"tags":[27,28,15,16,14,25,26,21,22,62,12,13,19,20,23,24,3879,17,18,29,30,31,63,64,65],"class_list":{"0":"post-206034","1":"post","2":"type-post","3":"status-publish","4":"format-standard","5":"has-post-thumbnail","7":"category-mundo","8":"tag-breaking-news","9":"tag-breakingnews","10":"tag-featured-news","11":"tag-featurednews","12":"tag-headlines","13":"tag-latest-news","14":"tag-latestnews","15":"tag-main-news","16":"tag-mainnews","17":"tag-mundo","18":"tag-news","19":"tag-noticias","20":"tag-noticias-principais","21":"tag-noticiasprincipais","22":"tag-principais-noticias","23":"tag-principaisnoticias","24":"tag-ru00fassia","25":"tag-top-stories","26":"tag-topstories","27":"tag-ultimas","28":"tag-ultimas-noticias","29":"tag-ultimasnoticias","30":"tag-world","31":"tag-world-news","32":"tag-worldnews"},"share_on_mastodon":{"url":"https:\/\/pubeurope.com\/@pt\/115802383616762338","error":""},"_links":{"self":[{"href":"https:\/\/www.europesays.com\/pt\/wp-json\/wp\/v2\/posts\/206034","targetHints":{"allow":["GET"]}}],"collection":[{"href":"https:\/\/www.europesays.com\/pt\/wp-json\/wp\/v2\/posts"}],"about":[{"href":"https:\/\/www.europesays.com\/pt\/wp-json\/wp\/v2\/types\/post"}],"author":[{"embeddable":true,"href":"https:\/\/www.europesays.com\/pt\/wp-json\/wp\/v2\/users\/2"}],"replies":[{"embeddable":true,"href":"https:\/\/www.europesays.com\/pt\/wp-json\/wp\/v2\/comments?post=206034"}],"version-history":[{"count":0,"href":"https:\/\/www.europesays.com\/pt\/wp-json\/wp\/v2\/posts\/206034\/revisions"}],"wp:featuredmedia":[{"embeddable":true,"href":"https:\/\/www.europesays.com\/pt\/wp-json\/wp\/v2\/media\/206035"}],"wp:attachment":[{"href":"https:\/\/www.europesays.com\/pt\/wp-json\/wp\/v2\/media?parent=206034"}],"wp:term":[{"taxonomy":"category","embeddable":true,"href":"https:\/\/www.europesays.com\/pt\/wp-json\/wp\/v2\/categories?post=206034"},{"taxonomy":"post_tag","embeddable":true,"href":"https:\/\/www.europesays.com\/pt\/wp-json\/wp\/v2\/tags?post=206034"}],"curies":[{"name":"wp","href":"https:\/\/api.w.org\/{rel}","templated":true}]}}